{"id":15660,"date":"2022-05-30T19:11:05","date_gmt":"2022-05-30T22:11:05","guid":{"rendered":"https:\/\/chacosintesis.com.ar\/?p=15660"},"modified":"2022-05-30T19:36:53","modified_gmt":"2022-05-30T22:36:53","slug":"no-avalamos-que-el-gobernador-delegue-en-los-intendentes-la-administracion-de-la-educacion-la-salud-y-la-seguridad","status":"publish","type":"post","link":"https:\/\/chacosintesis.com.ar\/index.php\/no-avalamos-que-el-gobernador-delegue-en-los-intendentes-la-administracion-de-la-educacion-la-salud-y-la-seguridad\/","title":{"rendered":"&#8220;No avalamos que el gobernador delegue en los intendentes la administraci\u00f3n de la Educaci\u00f3n, la Salud y la Seguridad&#8221;"},"content":{"rendered":"<p>Diputados del Interbloque U.C.R junto a los integrantes del Foro de Intendentes radicales participaron de una reuni\u00f3n de trabajo en la cual se analiz\u00f3 el proyecto de Ley 205\/20  \u201cCreaci\u00f3n del plan provincial de descentralizaci\u00f3n y desarrollo municipal\u201d enviado por el Poder Ejecutivo provincial a la Legislatura.<\/p>\n<p>Al respecto los legisladores se\u00f1alaron \u201cEs un proyecto complejo que no puede ser abordado a las apuradas como pretenden los diputados del oficialismo, merece un an\u00e1lisis y un debate pormenorizado ya que transfiere a los municipios facultades que hasta ahora competen al Poder Ejecutivo,   para que se entienda, estamos hablando de transferir a los intendentes, mediante la suscripci\u00f3n de convenios, la administraci\u00f3n de los servicios de salud, educaci\u00f3n, seguridad y obra p\u00fablica entre otros bajo el fundamento de desburocratizar y descentralizar el poder del Estado provincial\u201d<\/p>\n<p>\u201cEl proyecto no es claro en varios puntos,  en cuanto al financiamiento si bien menciona la creaci\u00f3n de un Fondo de Financiamiento de Descentralizaci\u00f3n, no se especifica c\u00f3mo se constituir\u00e1, dicho de otra manera \u00bfDe d\u00f3nde va a salir el dinero? El gobierno provincial permanentemente aduce no disponer de recursos para mejorar salarios, servicios o realizar las obras necesarias, todos sabemos que en el interior las escuelas, hospitales, puestos policiales, caminos o los canales de desag\u00fce est\u00e1n en estado deplorable, no hay cuantificaci\u00f3n ni diagn\u00f3stico, no se puede avanzar en estas condiciones\u201d.<\/p>\n<p>\u201cCreemos tambi\u00e9n que es una Ley que avasalla las autonom\u00edas municipales garantizadas constitucionalmente, y que persigue otros fines que distan mucho de optimizar las gestiones municipales o mejorar el d\u00eda a d\u00eda  de las personas, hoy ya existen algunos convenios y no se cumple con las transferencias de recursos, por ejemplo Secheep, comedores, los fondos establecidos en la Ley de Cultura\u201d<\/p>\n<p>Finalmente expresaron \u201cLa provincia atraviesa momentos cr\u00edticos en materia econ\u00f3mica y social, una Ley de estas caracter\u00edsticas requiere una discusi\u00f3n sincera que permita alcanzar consensos, con este objetivo hemos solicitado una audiencia al se\u00f1or gobernador que esperamos sea atendida\u201d.<\/p>\n","protected":false},"excerpt":{"rendered":"<p>Diputados del Interbloque U.C.R junto a los integrantes del Foro de Intendentes radicales participaron de una reuni\u00f3n de trabajo en la cual se analiz\u00f3 el proyecto de Ley 205\/20 \u201cCreaci\u00f3n del plan provincial de descentralizaci\u00f3n y desarrollo municipal\u201d enviado por el Poder Ejecutivo provincial a la Legislatura. Al respecto los legisladores se\u00f1alaron \u201cEs un proyecto [&hellip;]<\/p>\n","protected":false},"author":1,"featured_media":15661,"comment_status":"closed","ping_status":"closed","sticky":false,"template":"","format":"standard","meta":{"footnotes":""},"categories":[6],"tags":[],"class_list":{"0":"post-15660","1":"post","2":"type-post","3":"status-publish","4":"format-standard","5":"has-post-thumbnail","7":"category-chaco"},"_links":{"self":[{"href":"https:\/\/chacosintesis.com.ar\/index.php\/wp-json\/wp\/v2\/posts\/15660","targetHints":{"allow":["GET"]}}],"collection":[{"href":"https:\/\/chacosintesis.com.ar\/index.php\/wp-json\/wp\/v2\/posts"}],"about":[{"href":"https:\/\/chacosintesis.com.ar\/index.php\/wp-json\/wp\/v2\/types\/post"}],"author":[{"embeddable":true,"href":"https:\/\/chacosintesis.com.ar\/index.php\/wp-json\/wp\/v2\/users\/1"}],"replies":[{"embeddable":true,"href":"https:\/\/chacosintesis.com.ar\/index.php\/wp-json\/wp\/v2\/comments?post=15660"}],"version-history":[{"count":0,"href":"https:\/\/chacosintesis.com.ar\/index.php\/wp-json\/wp\/v2\/posts\/15660\/revisions"}],"wp:featuredmedia":[{"embeddable":true,"href":"https:\/\/chacosintesis.com.ar\/index.php\/wp-json\/wp\/v2\/media\/15661"}],"wp:attachment":[{"href":"https:\/\/chacosintesis.com.ar\/index.php\/wp-json\/wp\/v2\/media?parent=15660"}],"wp:term":[{"taxonomy":"category","embeddable":true,"href":"https:\/\/chacosintesis.com.ar\/index.php\/wp-json\/wp\/v2\/categories?post=15660"},{"taxonomy":"post_tag","embeddable":true,"href":"https:\/\/chacosintesis.com.ar\/index.php\/wp-json\/wp\/v2\/tags?post=15660"}],"curies":[{"name":"wp","href":"https:\/\/api.w.org\/{rel}","templated":true}]}}