{"id":15656,"date":"2022-05-30T18:53:12","date_gmt":"2022-05-30T21:53:12","guid":{"rendered":"https:\/\/chacosintesis.com.ar\/?p=15656"},"modified":"2022-05-30T19:07:34","modified_gmt":"2022-05-30T22:07:34","slug":"capitanich-trazo-una-agenda-de-actividades-con-los-intendentes-de-margarita-belen-y-concepcion-del-bermejo","status":"publish","type":"post","link":"https:\/\/chacosintesis.com.ar\/index.php\/capitanich-trazo-una-agenda-de-actividades-con-los-intendentes-de-margarita-belen-y-concepcion-del-bermejo\/","title":{"rendered":"Capitanich traz\u00f3 una agenda de actividades con los intendentes de Margarita Bel\u00e9n y Concepci\u00f3n del Bermejo"},"content":{"rendered":"<p>El gobernador Jorge Capitanich se reuni\u00f3 en la ma\u00f1ana de hoy con los intendentes de Margarita Bel\u00e9n y de Concepci\u00f3n del Bermejo, Javier Mart\u00ednez y Ra\u00fal Maldonado, respectivamente, para avanzar en una agenda de trabajo conjunto para la ejecuci\u00f3n de obras en ambos municipios.<br \/>\n Junto a Mart\u00ednez el gobernador evalu\u00f3 la ejecuci\u00f3n de nuevas cuadras de pavimento para mejorar la conectividad y transitabilidad entre los barrios, como as\u00ed tambi\u00e9n la extensi\u00f3n de las redes domiciliarias de agua potable y cloacas. Esta obra permitir\u00e1 \u201cafianzar la calidad del servicio y aumentar el nivel de vida de vecinos y vecinas\u201d, dijo el gobernador.<br \/>\n Adem\u00e1s se avanz\u00f3 en la posibilidad de construir un microestadio deportivo para la pr\u00e1ctica de b\u00e1squet, voley, handball o futsal \u201cgarantizando as\u00ed el derecho al deporte y actividades sanas para beneficio de la comunidad\u201d.<br \/>\n Por otra parte, junto a Maldonado, se trabaj\u00f3 en una agenda de obras de infraestructura que se lleva adelante en Concepci\u00f3n del Bermejo. \u201cAnalizamos el programa de obras de 72 viviendas que pronto comenzar\u00e1n a ejecutarse, la extensi\u00f3n del alumbrado p\u00fablico y la refacci\u00f3n de plazas y plazoletas que est\u00e1n incluidas en Plan Chaco 2030\u201d, detall\u00f3 el mandatario.<br \/>\n Adem\u00e1s se analiz\u00f3 la posibilidad de construir  un punto verde como lugar de recreaci\u00f3n de las familias, emprendedores y ferias francas para promover la actividad econ\u00f3mica local y un espacio de encuentro de toda la comunidad.<\/p>\n","protected":false},"excerpt":{"rendered":"<p>El gobernador Jorge Capitanich se reuni\u00f3 en la ma\u00f1ana de hoy con los intendentes de Margarita Bel\u00e9n y de Concepci\u00f3n del Bermejo, Javier Mart\u00ednez y Ra\u00fal Maldonado, respectivamente, para avanzar en una agenda de trabajo conjunto para la ejecuci\u00f3n de obras en ambos municipios. Junto a Mart\u00ednez el gobernador evalu\u00f3 la ejecuci\u00f3n de nuevas cuadras [&hellip;]<\/p>\n","protected":false},"author":1,"featured_media":15657,"comment_status":"closed","ping_status":"closed","sticky":false,"template":"","format":"standard","meta":{"footnotes":""},"categories":[6],"tags":[],"class_list":{"0":"post-15656","1":"post","2":"type-post","3":"status-publish","4":"format-standard","5":"has-post-thumbnail","7":"category-chaco"},"_links":{"self":[{"href":"https:\/\/chacosintesis.com.ar\/index.php\/wp-json\/wp\/v2\/posts\/15656","targetHints":{"allow":["GET"]}}],"collection":[{"href":"https:\/\/chacosintesis.com.ar\/index.php\/wp-json\/wp\/v2\/posts"}],"about":[{"href":"https:\/\/chacosintesis.com.ar\/index.php\/wp-json\/wp\/v2\/types\/post"}],"author":[{"embeddable":true,"href":"https:\/\/chacosintesis.com.ar\/index.php\/wp-json\/wp\/v2\/users\/1"}],"replies":[{"embeddable":true,"href":"https:\/\/chacosintesis.com.ar\/index.php\/wp-json\/wp\/v2\/comments?post=15656"}],"version-history":[{"count":0,"href":"https:\/\/chacosintesis.com.ar\/index.php\/wp-json\/wp\/v2\/posts\/15656\/revisions"}],"wp:featuredmedia":[{"embeddable":true,"href":"https:\/\/chacosintesis.com.ar\/index.php\/wp-json\/wp\/v2\/media\/15657"}],"wp:attachment":[{"href":"https:\/\/chacosintesis.com.ar\/index.php\/wp-json\/wp\/v2\/media?parent=15656"}],"wp:term":[{"taxonomy":"category","embeddable":true,"href":"https:\/\/chacosintesis.com.ar\/index.php\/wp-json\/wp\/v2\/categories?post=15656"},{"taxonomy":"post_tag","embeddable":true,"href":"https:\/\/chacosintesis.com.ar\/index.php\/wp-json\/wp\/v2\/tags?post=15656"}],"curies":[{"name":"wp","href":"https:\/\/api.w.org\/{rel}","templated":true}]}}