{"id":15654,"date":"2022-05-30T17:39:52","date_gmt":"2022-05-30T20:39:52","guid":{"rendered":"https:\/\/chacosintesis.com.ar\/?p=15654"},"modified":"2022-05-30T18:07:33","modified_gmt":"2022-05-30T21:07:33","slug":"pronostican-temperaturas-por-debajo-de-cero-grados","status":"publish","type":"post","link":"https:\/\/chacosintesis.com.ar\/index.php\/pronostican-temperaturas-por-debajo-de-cero-grados\/","title":{"rendered":"Pronostican temperaturas por debajo de cero grados"},"content":{"rendered":"<p>La Administraci\u00f3n Provincial del Agua (APA) pronostica tiempo algo nublado y muy fr\u00edo. En su habitual informe diario v\u00e1lido hasta el 2 de junio, desde el organismo provincial se prev\u00e9 para este martes 31, cielo despejado, neblinas matinales, viento del Sur y temperaturas previstas entre los -1\u00b0C y 18\u00baC.<br \/>\nEn tanto, para el mi\u00e9rcoles 1 de junio, cielo despejado, viento del Sur y temperaturas previstas entre los 0\u00b0C y 18\u00baC. Finalmente para el jueves 2 se augura cielo despejado, viento del Sudeste y temperaturas previstas entre los 3\u00b0C y 18\u00baC.<br \/>\nLos r\u00edos<br \/>\nEn cuanto a la situaci\u00f3n del r\u00edo Paran\u00e1 informa:<br \/>\nAndresito: 1,16m Baja (Nivel de alerta Andresito: 4,50m)<br \/>\nIguaz\u00fa: 7,80m Baja (Nivel de alerta Iguaz\u00fa: 25m)<br \/>\nItuzaing\u00f3: 0,30m Baja (Nivel de alerta Ituzaing\u00f3: 3,50m)<br \/>\nBarranqueras: Sin datos (Nivel de alerta Barranqueras: 6,00m)<br \/>\nLluvias:<br \/>\nR\u00edo Paran\u00e1: Sin lluvias.<br \/>\nR\u00edo Iguaz\u00fa: Sin lluvias.<br \/>\nPor \u00faltimo, sobre las situaci\u00f3n del r\u00edo Bermejo, sin lluvias; situaci\u00f3n r\u00edo Paraguay, lluvias d\u00e9biles.<\/p>\n","protected":false},"excerpt":{"rendered":"<p>La Administraci\u00f3n Provincial del Agua (APA) pronostica tiempo algo nublado y muy fr\u00edo. En su habitual informe diario v\u00e1lido hasta el 2 de junio, desde el organismo provincial se prev\u00e9 para este martes 31, cielo despejado, neblinas matinales, viento del Sur y temperaturas previstas entre los -1\u00b0C y 18\u00baC. En tanto, para el mi\u00e9rcoles 1 [&hellip;]<\/p>\n","protected":false},"author":1,"featured_media":15655,"comment_status":"closed","ping_status":"closed","sticky":false,"template":"","format":"standard","meta":{"footnotes":""},"categories":[6],"tags":[197],"class_list":{"0":"post-15654","1":"post","2":"type-post","3":"status-publish","4":"format-standard","5":"has-post-thumbnail","7":"category-chaco","8":"tag-destacada"},"_links":{"self":[{"href":"https:\/\/chacosintesis.com.ar\/index.php\/wp-json\/wp\/v2\/posts\/15654","targetHints":{"allow":["GET"]}}],"collection":[{"href":"https:\/\/chacosintesis.com.ar\/index.php\/wp-json\/wp\/v2\/posts"}],"about":[{"href":"https:\/\/chacosintesis.com.ar\/index.php\/wp-json\/wp\/v2\/types\/post"}],"author":[{"embeddable":true,"href":"https:\/\/chacosintesis.com.ar\/index.php\/wp-json\/wp\/v2\/users\/1"}],"replies":[{"embeddable":true,"href":"https:\/\/chacosintesis.com.ar\/index.php\/wp-json\/wp\/v2\/comments?post=15654"}],"version-history":[{"count":0,"href":"https:\/\/chacosintesis.com.ar\/index.php\/wp-json\/wp\/v2\/posts\/15654\/revisions"}],"wp:featuredmedia":[{"embeddable":true,"href":"https:\/\/chacosintesis.com.ar\/index.php\/wp-json\/wp\/v2\/media\/15655"}],"wp:attachment":[{"href":"https:\/\/chacosintesis.com.ar\/index.php\/wp-json\/wp\/v2\/media?parent=15654"}],"wp:term":[{"taxonomy":"category","embeddable":true,"href":"https:\/\/chacosintesis.com.ar\/index.php\/wp-json\/wp\/v2\/categories?post=15654"},{"taxonomy":"post_tag","embeddable":true,"href":"https:\/\/chacosintesis.com.ar\/index.php\/wp-json\/wp\/v2\/tags?post=15654"}],"curies":[{"name":"wp","href":"https:\/\/api.w.org\/{rel}","templated":true}]}}