{"id":15634,"date":"2022-05-28T18:54:59","date_gmt":"2022-05-28T21:54:59","guid":{"rendered":"https:\/\/chacosintesis.com.ar\/?p=15634"},"modified":"2022-05-28T19:07:28","modified_gmt":"2022-05-28T22:07:28","slug":"capitanich-estamos-unidos-por-un-proyecto-nacional-popular-y-democratico","status":"publish","type":"post","link":"https:\/\/chacosintesis.com.ar\/index.php\/capitanich-estamos-unidos-por-un-proyecto-nacional-popular-y-democratico\/","title":{"rendered":"Capitanich: \u201cEstamos unidos por un proyecto nacional popular y democr\u00e1tico\u201d"},"content":{"rendered":"<p>El gobernador Jorge Capitanich asegur\u00f3 hoy, en el marco del primer congreso del Frente de Todos Chaco, que si bien en el espacio \u201cno todos pensamos de la misma manera, estamos unidos por un proyecto nacional popular y democr\u00e1tico\u201d. Junto al presidente Alberto Fern\u00e1ndez, el otro orador del acto del cierre del acto, el mandatario provincial asever\u00f3 que el Frente \u201ces un espacio implica unidad en la diversidad\u201d.<br \/>\nCapitanich agradeci\u00f3 la presencia de Fern\u00e1ndez y de todo el equipo que lo acompa\u00f1\u00f3, a las 31 fuerzas pol\u00edticas que forman parte del Frente y en especial a la militancia ya que, asegur\u00f3, \u201cla organizaci\u00f3n del espacio es fruto de ustedes\u201d.<br \/>\n\u201cNosotros hemos decidido institucionalizar el Frente de Todos qu\u00e9 es un espacio que garantiza la unidad de la diversidad\u201d, dijo Capitanich y agreg\u00f3 que \u201ces absolutamente imprescindible lograr una convocatoria amplia, plural y democr\u00e1tica\u201d.<br \/>\nPor otra parte el gobernador, y l\u00edder del espacio pol\u00edtico, asever\u00f3 que \u201clas diferencias no nos tienen que dividir, nos tienen que ense\u00f1ar a construir un camino que nos permita resolver los problemas de cada uno de los argentinos y argentinas\u201d.<br \/>\nEn ese contexto precis\u00f3 que la Argentina \u201ctiene un escenario extraordinario de oportunidades en el mundo ya que se necesita alimentos el pa\u00eds puede producir m\u00e1s alimentos para terminar con el hambre en el mundo\u201d.<br \/>\nCapitanich mencion\u00f3 que el Frente tiene en su esencia la necesidad de trabajar en \u201cla uni\u00f3n del interior con la capital, el campo con la industria, la industria con el comercio\u201d y destac\u00f3 que \u201cqueremos construir una Argentina justa y federal para alzar la voz de los que no tienen voz\u201d.<br \/>\nEl gobernador valor\u00f3 la gesti\u00f3n encabezada por Fern\u00e1ndez y la vicepresidenta, Cristina Fern\u00e1ndez de Kirchner y record\u00f3 la pesada herencia recibida por parte del gobierno de Cambiemos que dej\u00f3 una deuda de 44.500 millones de d\u00f3lares con el FMI, 88 millones de d\u00f3lares de fuga y que en el medio \u201cnos afect\u00f3 una pandemia\u201d.<br \/>\nEl gobernador hizo un fuerte llamado a todos los integrantes del Frente, tanto a nivel provincial como nacional, a militar casa por casa para reivindicar los principios b\u00e1sicos de la fuerza pol\u00edtica.<br \/>\n\u201cJuntos vamos a poder combatir la inflaci\u00f3n y as\u00ed defender el bolsillo de los trabajadores y tambi\u00e9n juntos seremos capaces de participar abiertamente para que el pr\u00f3ximo a\u00f1o el Frente de Todos siga gobernando la rep\u00fablica y sigamos construyendo el pa\u00eds que los argentinos nos merecemos\u201d, mencion\u00f3.<\/p>\n","protected":false},"excerpt":{"rendered":"<p>El gobernador Jorge Capitanich asegur\u00f3 hoy, en el marco del primer congreso del Frente de Todos Chaco, que si bien en el espacio \u201cno todos pensamos de la misma manera, estamos unidos por un proyecto nacional popular y democr\u00e1tico\u201d. Junto al presidente Alberto Fern\u00e1ndez, el otro orador del acto del cierre del acto, el mandatario [&hellip;]<\/p>\n","protected":false},"author":1,"featured_media":15635,"comment_status":"closed","ping_status":"closed","sticky":false,"template":"","format":"standard","meta":{"footnotes":""},"categories":[6],"tags":[],"class_list":{"0":"post-15634","1":"post","2":"type-post","3":"status-publish","4":"format-standard","5":"has-post-thumbnail","7":"category-chaco"},"_links":{"self":[{"href":"https:\/\/chacosintesis.com.ar\/index.php\/wp-json\/wp\/v2\/posts\/15634","targetHints":{"allow":["GET"]}}],"collection":[{"href":"https:\/\/chacosintesis.com.ar\/index.php\/wp-json\/wp\/v2\/posts"}],"about":[{"href":"https:\/\/chacosintesis.com.ar\/index.php\/wp-json\/wp\/v2\/types\/post"}],"author":[{"embeddable":true,"href":"https:\/\/chacosintesis.com.ar\/index.php\/wp-json\/wp\/v2\/users\/1"}],"replies":[{"embeddable":true,"href":"https:\/\/chacosintesis.com.ar\/index.php\/wp-json\/wp\/v2\/comments?post=15634"}],"version-history":[{"count":0,"href":"https:\/\/chacosintesis.com.ar\/index.php\/wp-json\/wp\/v2\/posts\/15634\/revisions"}],"wp:featuredmedia":[{"embeddable":true,"href":"https:\/\/chacosintesis.com.ar\/index.php\/wp-json\/wp\/v2\/media\/15635"}],"wp:attachment":[{"href":"https:\/\/chacosintesis.com.ar\/index.php\/wp-json\/wp\/v2\/media?parent=15634"}],"wp:term":[{"taxonomy":"category","embeddable":true,"href":"https:\/\/chacosintesis.com.ar\/index.php\/wp-json\/wp\/v2\/categories?post=15634"},{"taxonomy":"post_tag","embeddable":true,"href":"https:\/\/chacosintesis.com.ar\/index.php\/wp-json\/wp\/v2\/tags?post=15634"}],"curies":[{"name":"wp","href":"https:\/\/api.w.org\/{rel}","templated":true}]}}