{"id":15622,"date":"2022-05-28T11:04:25","date_gmt":"2022-05-28T14:04:25","guid":{"rendered":"https:\/\/chacosintesis.com.ar\/?p=15622"},"modified":"2022-05-28T11:06:41","modified_gmt":"2022-05-28T14:06:41","slug":"chaco-presente-en-la-convencion-nacional-de-la-union-civica-radical","status":"publish","type":"post","link":"https:\/\/chacosintesis.com.ar\/index.php\/chaco-presente-en-la-convencion-nacional-de-la-union-civica-radical\/","title":{"rendered":"Chaco presente en la Convenci\u00f3n Nacional de la Uni\u00f3n C\u00edvica Radical"},"content":{"rendered":"<p>La Honorable Convenci\u00f3n Nacional de la Uni\u00f3n C\u00edvica Radical sesion\u00f3 este viernes en instalaciones del teatro Municipal Coliseo Podest\u00e1  de la ciudad de La Plata. En la oportunidad Gast\u00f3n Manes fue elegido presidente de este \u00f3rgano partidario. Participaron de la convocatoria el ex gobernador de la provincia, Angel Rozas junto a los convencionales  por el Chaco encabezados por el presidente del interbloque de diputados provinciales Carim Peche y Mariana Salom, esta \u00faltima como integrante de la Mesa de conducci\u00f3n en su car\u00e1cter de secretaria.<br \/>\nSe resolvi\u00f3:<br \/>\nArt\u00edculo 1\u00b0: Ratificar la participaci\u00f3n y pertenencia de la Uni\u00f3n C\u00edvica Radical en la coalici\u00f3n Juntos por el Cambio, la que en la actualidad se encuentra integrada por nuestro partido, Propuesta Republicana (PRO), la Coalici\u00f3n C\u00edvica \u2013 ARI, Encuentro Republicano Federal (Peronismo Federal), entre otras fuerzas pol\u00edticas.<br \/>\nArt\u00edculo 2\u00b0: Establecer la necesidad de elaborar un Plan de Gobierno dentro de la Coalici\u00f3n Juntos por el Cambio, que deber\u00e1 estar culminado antes del 31 de diciembre del a\u00f1o en curso con una marcada concepci\u00f3n democr\u00e1tica, republicana y federal sobre la base de los principios de Igualdad y Libertad.<br \/>\nArt\u00edculo 3\u00b0: Convocar a ampliar la Coalici\u00f3n Juntos por el Cambio con distintos sectores pol\u00edticos, tanto nacionales como provinciales. Los partidos a incorporar deber\u00e1n tener coincidencias program\u00e1ticas con el Plan de Gobierno de la Coalici\u00f3n.<br \/>\nY se dio a conocer un documento final en el cual se hace un an\u00e1lisis de la situaci\u00f3n econ\u00f3mica, social e institucional del pa\u00eds, se ratific\u00f3 la uni\u00f3n de la colaci\u00f3n y se sentaron las bases de las pol\u00edticas necesarias para lograr el cambio que Argentina necesita. Dice as\u00ed:<br \/>\nUNIDAD PARA LA ESPERANZA<br \/>\n Las mujeres y los hombres del radicalismo nos reunimos nuevamente en la Convenci\u00f3n Nacional, esta vez en la Ciudad de La Plata, para ratificar nuestro compromiso con los pilares de una democracia plena y con las condiciones para su realizaci\u00f3n: Libertad, rep\u00fablica y derechos humanos, s\u00ed. Pero tambi\u00e9n la posibilidad de ascenso social para todos los argentinos. Progreso para el conjunto, bienestar y oportunidades. Educaci\u00f3n y salud de excelencia. Igualdad. Sin que ning\u00fan argentino quede atr\u00e1s.<\/p>\n<p>Traemos la voz y el sentimiento de los argentinos de todas las provincias y todos los barrios que quieren que nuestra naci\u00f3n salga adelante en un marco de justicia y libertad.<br \/>\n Los radicales de todo el pa\u00eds y de toda la historia fuimos y somos protagonistas del sentido plural y popular de la vida p\u00fablica, de la honestidad y la transparencia, de la democracia para siempre y de la libertad sin condicionamientos. Nos sentimos los grandes defensores de la Constituci\u00f3n y el pluralismo frente a los impulsos que los amenazan desde hace muchas d\u00e9cadas. Pero no es suficiente. La democracia es real cuando todos pueden tener una vida digna, y progresar. Es nuestra obligaci\u00f3n poner todo nuestro esfuerzo para construir esas condiciones.<br \/>\n Con la conquista de la libertad y la democracia, en el \u201883, supimos dar forma pol\u00edtica al estado de \u00e1nimo de la sociedad. No fue la \u00fanica ni la primera vez que lo hicimos, aunque s\u00ed fue la m\u00e1s importante en la larga vida de desencuentros en el pa\u00eds. Hoy, como entonces, se trata de dar forma pol\u00edtica al estado de \u00e1nimo de una sociedad que sabe que salir del pantano en el que estamos ser\u00e1 dif\u00edcil y trabajoso, pero que no se puede demorar ni un d\u00eda m\u00e1s.<br \/>\n Vivimos en una cruel paradoja. Tenemos un pa\u00eds rico en recursos naturales demandados por el mundo. En algunas \u00e1reas productivas tenemos trayectorias de primer nivel internacional. Hasta hace muy poco nuestro pa\u00eds fue reconocido por el nivel de su educaci\u00f3n p\u00fablica y las caracter\u00edsticas hist\u00f3ricas de sus trabajadores, y por la posibilidad cierta de la movilidad social ascendente. Y sin embargo cada vez m\u00e1s compatriotas son pobres. Y esto es un problema democr\u00e1tico, porque la democracia se basa sobre la idea de la libertad, pero no puede materializarse plenamente sin oportunidades.<br \/>\n La situaci\u00f3n es alarmante. Por primera vez desde la independencia, estamos alej\u00e1ndonos peligrosamente de las ganas de hacer mejor y m\u00e1s grande a la Argentina. Hoy muchos, much\u00edsimos, demasiados argentinos piensan que vivir\u00edan mejor si se fuesen a otro pa\u00eds, y que lo har\u00edan si tuviesen la oportunidad. La democracia inacabada nos frustra, nos revela, y nos obliga a multiplicar nuestros esfuerzos para contribuir a poner fin a la decadencia de este per\u00edodo pol\u00edtico y que Argentina impulse un crecimiento continuado y con estabilidad.<br \/>\n El federalismo, otra de las bases nacionales que forjaron nuestra convivencia, es una gran cuenta pendiente. Todas las provincias son igual de importantes, igual de necesarias, y tienen la potencialidad para impulsar el crecimiento global del pa\u00eds. Hay que salir de la ecuaci\u00f3n simplista de creer que la confrontaci\u00f3n debe ser tambi\u00e9n geogr\u00e1fica. La regi\u00f3n metropolitana tambi\u00e9n necesita que las ciudades intermedias alejadas del AMBA se fortalezcan.<br \/>\n Nuestra visi\u00f3n hist\u00f3rica, nuestros valores hist\u00f3ricos, y nuestra tarea hist\u00f3rica contin\u00faan, y asumen ahora los desaf\u00edos de los nuevos tiempos.<br \/>\n Argentina tiene que impulsar sus fuerzas productivas. En todas las regiones y en cada provincia. Tenemos que estimular el esp\u00edritu emprendedor y facilitar la creaci\u00f3n de empresas y proyectos productivos. Queremos que nuestro pa\u00eds y sus ciudadanos aprovechen la explotaci\u00f3n responsable, cuidada y sustentable de nuestros recursos naturales, energ\u00e9ticos y mineros. En la monta\u00f1a y en la llanura, en la pampa y en el mar. En los esteros, los r\u00edos, los bosques y en el desierto. Tenemos que producir de manera sustentable m\u00e1s alimentos e insumos de alimentos. Y a la vez, tenemos que cuidar el ambiente y garantizar que las pr\u00f3ximas generaciones puedan gozar de un pa\u00eds maravilloso en sus recursos naturales.<br \/>\nPara poner en funcionamiento de una buena vez una maravillosa m\u00e1quina productiva en un mundo muy tecnologizado y competitivo, hace falta mucho conocimiento, y por lo tanto, mucha ciencia, y mucha y mejor educaci\u00f3n.<br \/>\n Tenemos que incrementar r\u00e1pido nuestra capacidad de exportaci\u00f3n. El pa\u00eds necesita divisas que fortalezcan y diversifiquen el mercado interno y que nos permitan mejorar nuestra capacidad tecnol\u00f3gica y productiva. Tenemos que avanzar en la aplicaci\u00f3n de conocimiento en la producci\u00f3n, y aprovechar aquellas \u00e1reas sobre las que tenemos un desarrollo considerable, como la econom\u00eda del conocimiento (servicios inform\u00e1ticos, software y aplicaciones tecnol\u00f3gicas, infraestructuras digitales, rob\u00f3tica, nanotecnolog\u00eda, tecnolog\u00eda aeroespacial y nuclear) y la biotecnolog\u00eda (para la producci\u00f3n de alimentos pero tambi\u00e9n para la industria qu\u00edmica, energ\u00e9tica y de la salud) y los productos de las econom\u00edas regionales.<br \/>\n Adem\u00e1s del ordenamiento macroecon\u00f3mico, las pol\u00edticas del Estado tienen que brindar el marco adecuado para el impulso: reforma del sistema impositivo, est\u00edmulos y facilidades para la inversi\u00f3n, simplificaci\u00f3n y facilidades para primeros empleos, formaci\u00f3n espec\u00edfica para el trabajo.<br \/>\n La democracia y el desarrollo no son v\u00edas paralelas, ni mucho menos antit\u00e9ticas. Son, por el contrario, convergentes. Las sociedades m\u00e1s innovadoras son, generalmente, las que tienen democracias fuertes. Argentina va a tomar impulso de la mano del fortalecimiento de la democracia. Estado, democracia e innovaci\u00f3n van de la mano: Para tener una sociedad que crece y se desarrolla hace falta construir un entorno con normas que se respeten, instituciones fuertes, justicia independiente y cultura del pluralismo y la diversidad, en el cual la ciudadan\u00eda viva los valores asociados a la innovaci\u00f3n.<br \/>\n Todo ello contrapone a la cantidad de trabas que se imponen para que la econom\u00eda se desarrolle de manera estable y previsible. El gobierno lleva adelante un modelo agotado: dificulta que los emprendedores emprendan, dificulta que se multipliquen las exportaciones, dificulta que se creen nuevas empresas,  nuevos empleos productivos. Lleva m\u00e1s gente a la pobreza. La inflaci\u00f3n no para y a casi todos los argentinos nos cuesta llegar a fin de mes. La falta de condiciones para que la gente pueda progresar sin ser molestada causa estragos a largo plazo.<br \/>\n Tenemos que volver a imponer la idea de que el trabajo, el esfuerzo, el estudio, la solidaridad, los bienes p\u00fablicos de calidad van a contribuir a que cada uno viva mejor y a que toda la sociedad va a tener un marco para que todos los argentinos tengan la posibilidad de una vida digna, sin importar en qu\u00e9 hogar nacieron.<br \/>\n Los valores y las cualidades de la sociedad que queremos construir son los del progreso: educaci\u00f3n de calidad y formaci\u00f3n para el trabajo, igualdad de g\u00e9nero, diversidad, participaci\u00f3n, calidad del empleo, responsabilidad social y ambiental, envejecimiento con dignidad, creatividad, tolerancia a la incertidumbre y al riesgo, curiosidad, solidaridad, esp\u00edritu emprendedor, cooperaci\u00f3n, esp\u00edritu de red colaborativo, comunicaci\u00f3n activa entre gobernantes y gobernados, rendici\u00f3n cuentas, compromiso ciudadano, empat\u00eda, cohesi\u00f3n social. Son los elementos que enaltecen al ser humano y hacen de su vida una realizaci\u00f3n orgullosa para \u00e9l y para sus descendientes. No queremos una sociedad de engranajes corporativos para que nos pasen los a\u00f1os mansamente.<br \/>\n En la b\u00fasqueda de esos valores irrenunciables como personas tenemos que pasar de un Estado ineficaz y an\u00f3mico a un Estado inteligente y competente. Que le facilite la vida a las personas y les permita desarrollar sus propias potencialidades y buscar su propia felicidad, cualquiera sea. Parte central de las pol\u00edticas inmediatas es no tener d\u00e9ficit fiscal y eliminar gastos que no tienen impacto positivo en la calidad de vida de los argentinos. Y quienes nos dedicamos a la vida p\u00fablica tenemos que tener un comportamiento transparente y ejemplar. Es verdad que, en las cuentas del balance, el denominado gasto pol\u00edtico no tiene incidencia may\u00fascula. Pero es un deber moral que desde hace siglos enaltece a la democracia. La austeridad hace a la ejemplaridad. Y para convocar al esfuerzo hay que tener autoridad moral. La honradez y los buenos ejemplos de los gobernantes son fuente de inspiraci\u00f3n y de esperanza.<\/p>\n<p>Todo lo dicho hasta aqu\u00ed tiene a su vez que ir de la mano de una inserci\u00f3n inteligente en el mundo. Argentina est\u00e1 demasiado cerrada. Nos tenemos que abrir al mundo y el mundo nos va a recibir. Nuestro pa\u00eds necesita multiplicar los acuerdos comerciales y pol\u00edticos con muchos pa\u00edses en todos los continentes. Es necesario fortalecer el MERCOSUR, la relaci\u00f3n con cada pa\u00eds que lo integra y debemos profundizar la integraci\u00f3n latinoamericana.<br \/>\n Y desde ya, Argentina tiene que ser absolutamente clara en su posicionamiento internacional: nosotros promovemos el respeto de la libertad y la democracia, que se fomente el pluralismo y la tolerancia, que se trabaje por la paz en el mundo. Del mismo modo, Argentina debe condenar sin ambivalencias las dictaduras, las pseudo democracias, los gobiernos que reprimen la libertad y violan los derechos humanos.<br \/>\n Argentina debe fortalecer el multilateralismo y las organizaciones internacionales constituidas para el entendimiento, el di\u00e1logo y la paz. Los aislacionismos y las autocracias contribuyen a la violencia y las crisis.<br \/>\n Una vez m\u00e1s afirmamos nuestra total condena a la invasi\u00f3n de Rusia a Ucrania. Argentina debe defender la integridad de los estados y la soluci\u00f3n pac\u00edfica de los conflictos internacionales. Apoyamos y nos solidarizamos con la resistencia ucraniana y la defensa que enarbola su gobierno de una soluci\u00f3n negociada, y abrazamos a la comunidad ucraniana y rusa que reside en nuestro pa\u00eds.<br \/>\n En este sentido, en cambio, el kirchnerismo repite su falta de ejemplaridad, su torpeza y falta de previsibilidad. La fuerza gobernante proyecta sus defectos sobre toda la naci\u00f3n. Se afirma en su prepotencia y en la b\u00fasqueda de minimizaci\u00f3n de las instituciones de la rep\u00fablica. No denunci\u00f3 la violaci\u00f3n a los derechos humanos en algunas provincias. Fue dubitativa y tibia en la condena a la invasi\u00f3n de Rusia a Ucrania, y se al\u00eda con los pa\u00edses autoritarios de la regi\u00f3n.<br \/>\n La escasez de valores e ideales claros, la debilidad de una visi\u00f3n de para qu\u00e9 se quiere gobernar, y por lo tanto, la endeblez intelectual para marcar un rumbo y dise\u00f1ar pol\u00edticas acordes, ha llevado a la Argentina una situaci\u00f3n cr\u00edtica. Los problemas pol\u00edticos agravan los ya profundos problemas econ\u00f3micos estructurales y crean, todos los d\u00edas, problemas econ\u00f3micos nuevos. El actual gobierno se consume en una disputa interna que contribuye a que cada d\u00eda se viva peor. Cuando hace falta certidumbre y previsibilidad, los gobernantes nacionales aportan pelea y boicots cruzados.<\/p>\n<p>El mundo vivi\u00f3 meses dram\u00e1ticos con la pandemia, pero en Argentina el drama, por culpa del gobierno, fue mayor. Vivimos un encierro injustificadamente prolongado. Nosotros advertimos que era un error y que iba a tener las consecuencias que tuvo. El encierro y la par\u00e1lisis total no evitaron las muertes, y tuvieron resultados catastr\u00f3ficos para la econom\u00eda (para el trabajo, para los comercios, las industrias y los cuentapropistas), la salud f\u00edsica y ps\u00edquica, y tambi\u00e9n para la democracia (con el abuso de los decretos de necesidad y urgencia y la imposibilidad de la normalizaci\u00f3n del trabajo de las legislaturas).<br \/>\n A mediados de 2020 advertimos que era urgente priorizar que se abrieran las escuelas. Todav\u00eda sufrimos la tragedia que implic\u00f3 el cierre de escuelas, colegios, universidades y talleres, por un tiempo demasiado prolongado, y con evidencias demasiado escasas.<br \/>\n El gobierno se prepar\u00f3 tarde y mal para la pandemia. Negoci\u00f3 tarde y mal las vacunas. Mont\u00f3 un vacunatorio VIP. En medio de un encierro duro, el Presidente viol\u00f3 la cuarentena para festejar el cumplea\u00f1os de su esposa. Ahora cerraron la causa judicial, de manera inexplicable y por una suma irrisoria. Es dif\u00edcil imaginar ejemplos m\u00e1s contundentes de lo que es gobernar mal, de esforzarse en no dar el ejemplo, de abusar de sus condiciones de poder, de la falta de noci\u00f3n de la importancia del lugar que se ocupa. Y muestra de modo claro la importancia de tener una justicia independiente que acompa\u00f1e el principio b\u00e1sico de que todos somos iguales ante la ley.<br \/>\n A pesar de todo, hoy en Argentina existe una esperanza pol\u00edtica para el futuro. Los deseos de cambio son m\u00e1s fuertes que la resistencia al cambio. La esperanza est\u00e1 depositada, principalmente, en las fuerzas pol\u00edticas que conformamos la corriente principal de la oposici\u00f3n.<br \/>\nHoy la prioridad es mantener nuestros valores, y la posibilidad m\u00e1s real y pol\u00edticamente responsable de acercarnos a ellos: la unidad de prop\u00f3sito y la voluntad de compromiso. Estos son tiempos de presidencialismo de coalici\u00f3n y la unidad de prop\u00f3sito hoy es mantener unida y mejorar la coalici\u00f3n Juntos por el Cambio. Ya mejoramos el marco de entendimiento de la coalici\u00f3n a partir de la aprobaci\u00f3n del Acuerdo de buenas pr\u00e1cticas, que nos va a ayudar a transitar inevitables tensiones y disputas. Procuramos trabajar para fortalecer la coalici\u00f3n, para hacerla todav\u00eda m\u00e1s amplia. Y aprendemos del pasado: la coalici\u00f3n tiene que estar basada en acuerdos program\u00e1ticos y en denominadores y valores comunes. El pr\u00f3ximo gobierno tiene que tener una coalici\u00f3n integrada. Por ello es esencial avanzar en los trabajos en conjunto que se est\u00e1n realizando en las diversas \u00e1reas de la pol\u00edtica p\u00fablica.<br \/>\n En los momentos m\u00e1s dif\u00edciles trabajamos por la unidad para ser una oposici\u00f3n fuerte, determinada, constructiva y responsable. Ahora trabajamos por la unidad para ganar y para gobernar. Y ello es inseparable de la voluntad de compromiso que requiere el respeto de las reglas que regulan la coalici\u00f3n y la subordinaci\u00f3n de las pasiones y las ambiciones al logro del objetivo com\u00fan: sacar a este pa\u00eds de la espiral de la decadencia. La coalici\u00f3n para ganar y para gobernar debe mantener el esp\u00edritu de compromiso como pol\u00edtica interna y como modo de interacci\u00f3n con sus adversarios.<br \/>\n Es indispensable, a la vez, y por supuesto, continuar fortaleciendo nuestro partido. Tener nuestra plataforma, nuestro programa de gobierno, y para seguir defendiendo nuestra identidad y proyectar a nuestras mujeres y hombres a los lugares de m\u00e1xima responsabilidad c\u00edvica. El radicalismo utiliza toda su riqu\u00edsima e inigualable trayectoria para mirar hacia el futuro. Y revitaliza tambi\u00e9n el ideario radical. En este punto tenemos que hacer un reconocimiento al extraordinario desempe\u00f1o de la Franja Morada y del reformismo en las universidades. Son parte importante de la esperanza que debemos contagiar.<br \/>\n Lo afirmamos con toda claridad: vamos a trabajar para tener un presidente      radical. Vamos a trabajar para dar gobernadores radicales a todas las provincias.<br \/>\nVamos a hacer todo lo que est\u00e9 a nuestro alcance para que el pr\u00f3ximo Jefe de Gobierno de la Ciudad Aut\u00f3noma de Buenos Aires sea radical. Y vamos a seguir trabajando para que muchos m\u00e1s intendentes y jefes de comuna sean de origen radical. Para cumplir con estos objetivos un partido fuerte y unido es esencial.<br \/>\n Nos enorgullecen los avances que est\u00e1n haciendo los mendocinos, los correntinos y los juje\u00f1os. Con los gobiernos radicales esas provincias potenciaron sus sectores productivos, mejoraron la educaci\u00f3n, impulsaron las energ\u00edas alternativas, trajeron inversiones, se proyectan al mundo. Les deseamos el mismo destino de progreso a los habitantes del resto de las provincias.<br \/>\n Vamos a trabajar para ser tambi\u00e9n la opci\u00f3n de los independientes, de los que miran a la pol\u00edtica con desconfianza, de los que vienen viendo frustradas sus expectativas desde hace d\u00e9cadas. Queremos ser la fuerza que d\u00e9 la bienvenida a los argentinos que todav\u00eda y a pesar de todo quieren hacer algo para el pa\u00eds, que tienen ganas de canalizar sus broncas para construir, y de combatir los problemas de la democracia con m\u00e1s democracia, para que cada nueva generaci\u00f3n se pueda sentir orgullosa de lo que hicieron sus antecesores por la felicidad de sus conciudadanos.<br \/>\n Este es al a\u00f1o del centenario del inicio del gobierno de Marcelo T. de Alvear. Un presidente, un revolucionario y un l\u00edder republicano que honra al radicalismo. Es un hist\u00f3rico ejemplo para las horas dif\u00edciles por las que atraviesa Argentina. Sucedi\u00f3 y precedi\u00f3 a ese otro gran l\u00edder fue Hip\u00f3lito Yrigoyen y fue disc\u00edpulo de Leandro Alem. Con la invocaci\u00f3n a los dos servimos a la unidad de los argentinos y el progreso del pa\u00eds en la l\u00ednea ejemplar de Arturo Illia y Ra\u00fal Alfons\u00edn. Todos ellos enfrentaron desaf\u00edos enormes, inspiraron a sus contempor\u00e1neos para realizar grandes logros y fueron exitosos en el cumplimiento de sus objetivos.<br \/>\n Avanzamos en la consideraci\u00f3n ciudadana proponiendo pol\u00edticas que apuntan a ir revirtiendo gradualmente la intolerable situaci\u00f3n actual. Lo hacemos enfatizando la importancia de preservar los mecanismos de la democracia social: la vida digna, la igualdad de oportunidades, la igualdad de g\u00e9nero, el respeto por la diversidad, la deliberaci\u00f3n p\u00fablica, una macroeconom\u00eda estable y en crecimiento, el respeto del estado de derecho y el castigo de las conductas corruptas.<br \/>\n Vamos por un gran salto republicano, productivo y exportador, basado en el conocimiento como factor de competitividad.<br \/>\n Las y los radicales de todo el pa\u00eds tenemos que trabajar sin descanso para los nuevos desaf\u00edos: que poner a la Argentina de pie no sea un slogan de ocasi\u00f3n, terminar con este tobog\u00e1n de decadencia que impone el actual per\u00edodo pol\u00edtico, modernizar la econom\u00eda, volver a traer la esperanza que necesitan los argentinos. En esta misi\u00f3n convocamos, en unidad y fraternidad, a todos los argentinos sin importar or\u00edgenes y bander\u00edas.<br \/>\nHonorable Convenci\u00f3n Nacional  Uni\u00f3n C\u00edvica Radical<br \/>\nLa Plata, 27 de mayo de 2022<\/p>\n","protected":false},"excerpt":{"rendered":"<p>La Honorable Convenci\u00f3n Nacional de la Uni\u00f3n C\u00edvica Radical sesion\u00f3 este viernes en instalaciones del teatro Municipal Coliseo Podest\u00e1 de la ciudad de La Plata. En la oportunidad Gast\u00f3n Manes fue elegido presidente de este \u00f3rgano partidario. Participaron de la convocatoria el ex gobernador de la provincia, Angel Rozas junto a los convencionales por el [&hellip;]<\/p>\n","protected":false},"author":1,"featured_media":15623,"comment_status":"closed","ping_status":"closed","sticky":false,"template":"","format":"standard","meta":{"footnotes":""},"categories":[6],"tags":[],"class_list":{"0":"post-15622","1":"post","2":"type-post","3":"status-publish","4":"format-standard","5":"has-post-thumbnail","7":"category-chaco"},"_links":{"self":[{"href":"https:\/\/chacosintesis.com.ar\/index.php\/wp-json\/wp\/v2\/posts\/15622","targetHints":{"allow":["GET"]}}],"collection":[{"href":"https:\/\/chacosintesis.com.ar\/index.php\/wp-json\/wp\/v2\/posts"}],"about":[{"href":"https:\/\/chacosintesis.com.ar\/index.php\/wp-json\/wp\/v2\/types\/post"}],"author":[{"embeddable":true,"href":"https:\/\/chacosintesis.com.ar\/index.php\/wp-json\/wp\/v2\/users\/1"}],"replies":[{"embeddable":true,"href":"https:\/\/chacosintesis.com.ar\/index.php\/wp-json\/wp\/v2\/comments?post=15622"}],"version-history":[{"count":0,"href":"https:\/\/chacosintesis.com.ar\/index.php\/wp-json\/wp\/v2\/posts\/15622\/revisions"}],"wp:featuredmedia":[{"embeddable":true,"href":"https:\/\/chacosintesis.com.ar\/index.php\/wp-json\/wp\/v2\/media\/15623"}],"wp:attachment":[{"href":"https:\/\/chacosintesis.com.ar\/index.php\/wp-json\/wp\/v2\/media?parent=15622"}],"wp:term":[{"taxonomy":"category","embeddable":true,"href":"https:\/\/chacosintesis.com.ar\/index.php\/wp-json\/wp\/v2\/categories?post=15622"},{"taxonomy":"post_tag","embeddable":true,"href":"https:\/\/chacosintesis.com.ar\/index.php\/wp-json\/wp\/v2\/tags?post=15622"}],"curies":[{"name":"wp","href":"https:\/\/api.w.org\/{rel}","templated":true}]}}