{"id":15620,"date":"2022-05-28T10:54:07","date_gmt":"2022-05-28T13:54:07","guid":{"rendered":"https:\/\/chacosintesis.com.ar\/?p=15620"},"modified":"2022-05-28T10:55:38","modified_gmt":"2022-05-28T13:55:38","slug":"el-gobierno-anticipo-15-000-000-a-empresas-de-transporte-para-garantizar-el-servicio","status":"publish","type":"post","link":"https:\/\/chacosintesis.com.ar\/index.php\/el-gobierno-anticipo-15-000-000-a-empresas-de-transporte-para-garantizar-el-servicio\/","title":{"rendered":"El gobierno anticip\u00f3 $15.000.000 a empresas de transporte para garantizar el servicio"},"content":{"rendered":"<p>A trav\u00e9s de un pago extraordinario (en concepto de adelanto) de 15 millones de pesos a la C\u00e1mara de Empresarios del Transporte Automotor de Chaco, el Gobierno provincial garantiz\u00f3 el normal desarrollo y la prestaci\u00f3n de servicio del transporte p\u00fablico de pasajeros.<br \/>\n En la \u00faltima semana, la Uni\u00f3n Tranviarios Automotor (UTA) y la Federaci\u00f3n Argentina de Transportadores por Automotor de Pasajero (FATAP) cerraron un acuerdo salarial a nivel nacional, que implic\u00f3 un primer pago de 11.000 pesos por trabajador o trabajadora el pasado jueves 26 de mayo, retroactivos por el incremento devengado en el mes de abril.<\/p>\n<p>Para que las empresas puedan afrontar dicho pago y garantizar la normalidad del servicio sin que tenga un impacto en el bolsillo de usuarias y usuarios, el Gobierno del Chaco realiz\u00f3 el jueves un pago extraordinario de 15 millones de pesos, en concepto de adelanto del subsidio provincial de julio, mientras se trabaja con el Ministerio de Transporte Nacional en torno a los subsidios nacionales.<\/p>\n<p>En este contexto, el Ministerio de Planificaci\u00f3n, Econom\u00eda e Infraestructura a trav\u00e9s del Subsecretario de Transporte de la provincia, Tomas Yazlle, lleg\u00f3 a un acuerdo con Ra\u00fal Abraham y Gustavo Larrea representantes de UTA y CETACH respectivamente, para que los trabajadores y las trabajadoras puedan cobrar en tiempo y forma lo que se acord\u00f3 a nivel nacional.<\/p>\n<p>\u201cEl Programa Chaco Subsidia es una pol\u00edtica vital para cuidar el bolsillo de las familias y garantizar el normal funcionamiento del servicio de transporte en la Provincia, a\u00fan en momentos de incertidumbre\u201d, afirm\u00f3 Yazlle.<\/p>\n<p>Adem\u00e1s, remarc\u00f3 el di\u00e1logo permanente con los gremios y sus representantes para llegar a acuerdos y que las medidas de fuerza no afecten las labores cotidianas de los y las trabajadoras.<\/p>\n<p>\u201cDesde el gobierno provincial acompa\u00f1amos con este aporte para evitar complicaciones, pero sabemos que los conflictos en varias jurisdicciones del pa\u00eds generan incertidumbre. Es el caso de muchos de las y los usuarios chaque\u00f1os que se vieron afectados por el paro de transporte de Corrientes, donde los subsidios son diferentes al de Chaco\u201d, se\u00f1al\u00f3 el subsecretario. Y cerr\u00f3 destacando que seguir\u00e1n trabajando y buscando acuerdos para garantizar movilidad y transporte a todos los trabajadores y trabajadoras y sus familias.<\/p>\n","protected":false},"excerpt":{"rendered":"<p>A trav\u00e9s de un pago extraordinario (en concepto de adelanto) de 15 millones de pesos a la C\u00e1mara de Empresarios del Transporte Automotor de Chaco, el Gobierno provincial garantiz\u00f3 el normal desarrollo y la prestaci\u00f3n de servicio del transporte p\u00fablico de pasajeros. En la \u00faltima semana, la Uni\u00f3n Tranviarios Automotor (UTA) y la Federaci\u00f3n Argentina [&hellip;]<\/p>\n","protected":false},"author":1,"featured_media":15621,"comment_status":"closed","ping_status":"closed","sticky":false,"template":"","format":"standard","meta":{"footnotes":""},"categories":[6],"tags":[],"class_list":{"0":"post-15620","1":"post","2":"type-post","3":"status-publish","4":"format-standard","5":"has-post-thumbnail","7":"category-chaco"},"_links":{"self":[{"href":"https:\/\/chacosintesis.com.ar\/index.php\/wp-json\/wp\/v2\/posts\/15620","targetHints":{"allow":["GET"]}}],"collection":[{"href":"https:\/\/chacosintesis.com.ar\/index.php\/wp-json\/wp\/v2\/posts"}],"about":[{"href":"https:\/\/chacosintesis.com.ar\/index.php\/wp-json\/wp\/v2\/types\/post"}],"author":[{"embeddable":true,"href":"https:\/\/chacosintesis.com.ar\/index.php\/wp-json\/wp\/v2\/users\/1"}],"replies":[{"embeddable":true,"href":"https:\/\/chacosintesis.com.ar\/index.php\/wp-json\/wp\/v2\/comments?post=15620"}],"version-history":[{"count":0,"href":"https:\/\/chacosintesis.com.ar\/index.php\/wp-json\/wp\/v2\/posts\/15620\/revisions"}],"wp:featuredmedia":[{"embeddable":true,"href":"https:\/\/chacosintesis.com.ar\/index.php\/wp-json\/wp\/v2\/media\/15621"}],"wp:attachment":[{"href":"https:\/\/chacosintesis.com.ar\/index.php\/wp-json\/wp\/v2\/media?parent=15620"}],"wp:term":[{"taxonomy":"category","embeddable":true,"href":"https:\/\/chacosintesis.com.ar\/index.php\/wp-json\/wp\/v2\/categories?post=15620"},{"taxonomy":"post_tag","embeddable":true,"href":"https:\/\/chacosintesis.com.ar\/index.php\/wp-json\/wp\/v2\/tags?post=15620"}],"curies":[{"name":"wp","href":"https:\/\/api.w.org\/{rel}","templated":true}]}}