{"id":15618,"date":"2022-05-28T10:45:35","date_gmt":"2022-05-28T13:45:35","guid":{"rendered":"https:\/\/chacosintesis.com.ar\/?p=15618"},"modified":"2022-05-28T10:55:37","modified_gmt":"2022-05-28T13:55:37","slug":"el-foro-de-concejales-de-la-ucr-repudia-las-agresiones-a-la-concejal-carla-cantero","status":"publish","type":"post","link":"https:\/\/chacosintesis.com.ar\/index.php\/el-foro-de-concejales-de-la-ucr-repudia-las-agresiones-a-la-concejal-carla-cantero\/","title":{"rendered":"El Foro de Concejales de la UCR repudia las agresiones a la concejal Carla Cantero"},"content":{"rendered":"<p>La edil de Resistencia estaba en su oficina cuando un hombre ingres\u00f3 y amedrent\u00f3 a ella y su equipo. Seg\u00fan la denuncia creen que podr\u00eda estar relacionado &#8220;con su postura de erradicar la tracci\u00f3n a sangre&#8221;.<br \/>\nEl Foro de Concejales de la UCR, a trav\u00e9s de su Mesa Directiva, repudi\u00f3 categ\u00f3ricamente el hecho de violencia del que fueran v\u00edctimas Carla Cantero, concejal por la Uni\u00f3n C\u00edvica Radical del municipio de Resistencia y su equipo de trabajo.<br \/>\n&#8220;Nos solidarizamos con la concejal y los empleados municipales afectados por las amenazas, intimidaciones y uso de la violencia proferidas por un sujeto de sexo masculino, quien se aperson\u00f3 en la oficina de la edil el 26 de mayo del corriente a\u00f1o amedrentando al personal municipal que se encontraba en trabajando en el lugar&#8221;, expresaron desde el \u00f3rgano que agrupa a los concejales radicales. Seg\u00fan lo narrado por la propia concejal Cantero y denunciado en sede policial, &#8220;el hecho tendr\u00eda relaci\u00f3n directa con su postura de erradicar la tracci\u00f3n a sangre en la ciudad de Resistencia&#8221;.<br \/>\n&#8220;En el marco del orden constitucional, este tipo de hechos de violencia en modo alguno pueden ser justificados. Cada uno de los Poderes del Estado debe cumplir con eficiencia el rol para el que fue creado. Se deben garantizar adem\u00e1s, el ejercicio pol\u00edtico, la libertad de opini\u00f3n y de expresi\u00f3n de quienes ocupan cargos p\u00fablicos sin amedrentamientos ni coacciones de ninguna naturaleza&#8221;, contin\u00faa el comunicado firmado por Norma Gauna, presidente del Foro.<br \/>\n&#8220;Repudiamos toda forma de violencia ileg\u00edtima, privada o p\u00fablica que ponga en riesgo la integridad f\u00edsica y ps\u00edquica de la concejal afectada y del grupo humano que forma su equipo de trabajo&#8221;, se\u00f1alan.<br \/>\nPara cerrar, indicaron: &#8220;Por todo ello, instamos y reclamamos una investigaci\u00f3n r\u00e1pida y eficaz para dilucidar las responsabilidades en relaci\u00f3n al hecho denunciado oportunamente en sede policial. Consideramos que este tipo de hechos no puede quedar impune en tiempos de Democracia, debiendo el Estado proveer de un acompa\u00f1amiento integral y efectivo a las v\u00edctimas de estos il\u00edcitos. De otra manera estar\u00edamos en presencia de un acto violatorio de la Rep\u00fablica y sus Instituciones, as\u00ed como tambi\u00e9n violatorio de su libertad de expresi\u00f3n y su ejercicio pol\u00edtico como representante ciudadana&#8221;.<\/p>\n","protected":false},"excerpt":{"rendered":"<p>La edil de Resistencia estaba en su oficina cuando un hombre ingres\u00f3 y amedrent\u00f3 a ella y su equipo. Seg\u00fan la denuncia creen que podr\u00eda estar relacionado &#8220;con su postura de erradicar la tracci\u00f3n a sangre&#8221;. El Foro de Concejales de la UCR, a trav\u00e9s de su Mesa Directiva, repudi\u00f3 categ\u00f3ricamente el hecho de violencia [&hellip;]<\/p>\n","protected":false},"author":1,"featured_media":15619,"comment_status":"closed","ping_status":"closed","sticky":false,"template":"","format":"standard","meta":{"footnotes":""},"categories":[6],"tags":[],"class_list":{"0":"post-15618","1":"post","2":"type-post","3":"status-publish","4":"format-standard","5":"has-post-thumbnail","7":"category-chaco"},"_links":{"self":[{"href":"https:\/\/chacosintesis.com.ar\/index.php\/wp-json\/wp\/v2\/posts\/15618","targetHints":{"allow":["GET"]}}],"collection":[{"href":"https:\/\/chacosintesis.com.ar\/index.php\/wp-json\/wp\/v2\/posts"}],"about":[{"href":"https:\/\/chacosintesis.com.ar\/index.php\/wp-json\/wp\/v2\/types\/post"}],"author":[{"embeddable":true,"href":"https:\/\/chacosintesis.com.ar\/index.php\/wp-json\/wp\/v2\/users\/1"}],"replies":[{"embeddable":true,"href":"https:\/\/chacosintesis.com.ar\/index.php\/wp-json\/wp\/v2\/comments?post=15618"}],"version-history":[{"count":0,"href":"https:\/\/chacosintesis.com.ar\/index.php\/wp-json\/wp\/v2\/posts\/15618\/revisions"}],"wp:featuredmedia":[{"embeddable":true,"href":"https:\/\/chacosintesis.com.ar\/index.php\/wp-json\/wp\/v2\/media\/15619"}],"wp:attachment":[{"href":"https:\/\/chacosintesis.com.ar\/index.php\/wp-json\/wp\/v2\/media?parent=15618"}],"wp:term":[{"taxonomy":"category","embeddable":true,"href":"https:\/\/chacosintesis.com.ar\/index.php\/wp-json\/wp\/v2\/categories?post=15618"},{"taxonomy":"post_tag","embeddable":true,"href":"https:\/\/chacosintesis.com.ar\/index.php\/wp-json\/wp\/v2\/tags?post=15618"}],"curies":[{"name":"wp","href":"https:\/\/api.w.org\/{rel}","templated":true}]}}