{"id":15589,"date":"2022-05-25T22:16:16","date_gmt":"2022-05-26T01:16:16","guid":{"rendered":"https:\/\/chacosintesis.com.ar\/?p=15589"},"modified":"2022-05-25T22:37:05","modified_gmt":"2022-05-26T01:37:05","slug":"alerta-amarilla-por-tormentas-en-cinco-departamentos-del-chaco","status":"publish","type":"post","link":"https:\/\/chacosintesis.com.ar\/index.php\/alerta-amarilla-por-tormentas-en-cinco-departamentos-del-chaco\/","title":{"rendered":"Alerta amarilla por tormentas en cinco departamentos del Chaco"},"content":{"rendered":"<p>En la noche del mi\u00e9rcoles 25 y ma\u00f1ana del jueves 26, la regi\u00f3n ser\u00e1 afectada por lluvias y algunas tormentas localmente fuertes.<br \/>\n El Servicio Meteorol\u00f3gico Nacional (SMN) emiti\u00f3 una alerta amarilla por tormentas a las 18 de este mi\u00e9rcoles 25, que continuar\u00e1 vigente hasta las 23:59, para los departamentos Bermejo, General Donovan, Libertad, Primero de Mayo y San Fernando.<br \/>\nDe acuerdo a lo que detallan en el comunicado oficial, \u201cla regi\u00f3n ser\u00e1 afectada por lluvias y algunas tormentas localmente fuertes, las cuales podr\u00e1n ser acompa\u00f1adas de ocasional ca\u00edda de granizo y fuertes precipitaciones en cortos per\u00edodos. Se esperan valores de precipitaci\u00f3n acumulada entre 20 y 40 mm, pudiendo ser superados localmente\u201d.<\/p>\n","protected":false},"excerpt":{"rendered":"<p>En la noche del mi\u00e9rcoles 25 y ma\u00f1ana del jueves 26, la regi\u00f3n ser\u00e1 afectada por lluvias y algunas tormentas localmente fuertes. El Servicio Meteorol\u00f3gico Nacional (SMN) emiti\u00f3 una alerta amarilla por tormentas a las 18 de este mi\u00e9rcoles 25, que continuar\u00e1 vigente hasta las 23:59, para los departamentos Bermejo, General Donovan, Libertad, Primero de [&hellip;]<\/p>\n","protected":false},"author":1,"featured_media":15590,"comment_status":"closed","ping_status":"closed","sticky":false,"template":"","format":"standard","meta":{"footnotes":""},"categories":[6],"tags":[197],"class_list":{"0":"post-15589","1":"post","2":"type-post","3":"status-publish","4":"format-standard","5":"has-post-thumbnail","7":"category-chaco","8":"tag-destacada"},"_links":{"self":[{"href":"https:\/\/chacosintesis.com.ar\/index.php\/wp-json\/wp\/v2\/posts\/15589","targetHints":{"allow":["GET"]}}],"collection":[{"href":"https:\/\/chacosintesis.com.ar\/index.php\/wp-json\/wp\/v2\/posts"}],"about":[{"href":"https:\/\/chacosintesis.com.ar\/index.php\/wp-json\/wp\/v2\/types\/post"}],"author":[{"embeddable":true,"href":"https:\/\/chacosintesis.com.ar\/index.php\/wp-json\/wp\/v2\/users\/1"}],"replies":[{"embeddable":true,"href":"https:\/\/chacosintesis.com.ar\/index.php\/wp-json\/wp\/v2\/comments?post=15589"}],"version-history":[{"count":0,"href":"https:\/\/chacosintesis.com.ar\/index.php\/wp-json\/wp\/v2\/posts\/15589\/revisions"}],"wp:featuredmedia":[{"embeddable":true,"href":"https:\/\/chacosintesis.com.ar\/index.php\/wp-json\/wp\/v2\/media\/15590"}],"wp:attachment":[{"href":"https:\/\/chacosintesis.com.ar\/index.php\/wp-json\/wp\/v2\/media?parent=15589"}],"wp:term":[{"taxonomy":"category","embeddable":true,"href":"https:\/\/chacosintesis.com.ar\/index.php\/wp-json\/wp\/v2\/categories?post=15589"},{"taxonomy":"post_tag","embeddable":true,"href":"https:\/\/chacosintesis.com.ar\/index.php\/wp-json\/wp\/v2\/tags?post=15589"}],"curies":[{"name":"wp","href":"https:\/\/api.w.org\/{rel}","templated":true}]}}