{"id":15587,"date":"2022-05-25T22:14:12","date_gmt":"2022-05-26T01:14:12","guid":{"rendered":"https:\/\/chacosintesis.com.ar\/?p=15587"},"modified":"2022-05-25T22:37:04","modified_gmt":"2022-05-26T01:37:04","slug":"capitanich-todos-tenemos-que-ayudar-al-presidente-y-su-equipo-a-resolver-los-problemas","status":"publish","type":"post","link":"https:\/\/chacosintesis.com.ar\/index.php\/capitanich-todos-tenemos-que-ayudar-al-presidente-y-su-equipo-a-resolver-los-problemas\/","title":{"rendered":"Capitanich: \u201cTodos tenemos que ayudar al presidente y su equipo a resolver los problemas\u201d"},"content":{"rendered":"<p>El primer mandatario provincial destac\u00f3 en la \u201cguerra contra la inflaci\u00f3n\u201d es fundamental \u201clograr un acuerdo de precios y salarios para tener una anclaje de expectativas inflacionarias\u201d. Para eso, entendi\u00f3 que es necesario conformar una mesa \u201ccon todos los sectores\u201d. Insisti\u00f3 en la necesidad de institucionalizar el Frente de Todos y, en la previa de una nueva reuni\u00f3n de gobernadores del Norte Grande, reiter\u00f3 la convicci\u00f3n de \u201cdefender los recursos del pretendido avasallamiento de la Ciudad de Buenos Aires\u201d.<\/p>\n<p>El gobernador Jorge Capitanich analiz\u00f3 en declaraciones a prensa la coyuntura pol\u00edtica nacional y las cuestiones centrales que enfrenta la gesti\u00f3n de Alberto Fern\u00e1ndez, b\u00e1sicamente la \u201cguerra contra la inflaci\u00f3n\u201d. As\u00ed, consider\u00f3 que &#8220;todos tenemos que ayudar al presidente de la Rep\u00fablica, y a todos sus equipos y funcionarios; con el objeto de resolver los problemas: primero, de abastecimiento en el mercado dom\u00e9stico; segundo, en la capacidad de fijaci\u00f3n de precios; y tercero, utilizando todas la herramientas posibles, para garantizar que en la mesa de los argentinos tengamos alimentos asequibles&#8221;, reflexion\u00f3 el gobernador.<br \/>\nPara el mandatario chaque\u00f1o, es necesario dar todos los debates en profundidad, incluso el de eventualmente aumentar las retenciones, cuando se ponen en cuesti\u00f3n temas estrat\u00e9gicos. &#8220;Un acuerdo de precios y salarios en la Argentina es clave para tener anclaje de expectativas inflacionarias, y eso se logra con todos los actores sentados en la mesa de discusi\u00f3n&#8221;, destac\u00f3 Capitanich.<br \/>\nPor otra parte, consider\u00f3 que es necesario un plan que permita un shock de oferta, no solamente para abastecer la demanda externa sino tambi\u00e9n garantizar la demanda interna.<br \/>\nProblemas a resolver<br \/>\nEl primer mandatario provincial indic\u00f3 que el pa\u00eds debe resolver tres problemas b\u00e1sicos: un desacople o asimetr\u00edas entre la oferta y la demanda. &#8220;Cuando la demanda crece, claramente la oferta no lo hace en la misma proporci\u00f3n&#8221;, describi\u00f3. En segundo lugar, apunt\u00f3 que hay una concentraci\u00f3n econ\u00f3mica &#8220;pavorosa&#8221;, que, por cualquier raz\u00f3n, hay una estrategia &#8220;especulativa&#8221; en materia de precios. Adem\u00e1s, una inflaci\u00f3n &#8220;importada&#8221; que amplifica las expectativas en cuanto al aumento de los precios.<br \/>\n&#8220;Si algo tenemos que hacer en este tiempo es unir al Frente de Todos en la diversidad, en t\u00e9rminos de institucionalizaci\u00f3n; entre todos acordar un plan antiinflacionario, sobre todo en materia de alimentos; y luego, generar expectativas para el a\u00f1o 2023&#8221;, explic\u00f3 Capitanich.<\/p>\n<p>Coyuntura pol\u00edtica<br \/>\nAl referirse al escenario pol\u00edtico actual, puntualmente a la relaci\u00f3n entre los m\u00e1ximos referentes de la coalici\u00f3n de Gobierno como el presidente Alberto Fern\u00e1ndez, y la vicepresidenta Cristina Fern\u00e1ndez de Kirchner; el gobernador del Chaco indic\u00f3 que &#8220;se puede lograr una institucionalizaci\u00f3n del frente y un espacio de coincidencias; y en ese contexto, el 28 de Mayo en el Chaco, se realizar\u00e1 el congreso del Frente de Todos Chaco, en el que esperamos la participaci\u00f3n del presindete, f\u00edsica o virtualmente, porque consideramos que este es el camino&#8221;, plante\u00f3.<br \/>\nEn esa l\u00ednea, marc\u00f3 que &#8220;todos los gobernadores estamos tratando de buscar el m\u00e1ximo nivel de coincidencias, por ejemplo, con el tema Corte Suprema de Justicia, porque hay una cuesti\u00f3n central son las dificultades que tenemos en construir consensos sobre cuestiones como esta&#8221;.<br \/>\nCapitanich destac\u00f3 que &#8220;si no somos capaces de construir una representaci\u00f3n de car\u00e1cter federal en el m\u00e1ximo orden de Justicia, con paridad de g\u00e9nero y especialidad en la materia ser\u00e1 imposible tener una justicia que no sea corporativa&#8221;. &#8220;En Chile, con casi 19 millones de habitantes, la Corte tiene 20 miembros, adem\u00e1s de tribunal constitucional; y en Colombia 24 y tribunal institucional; entre otros ejemplos&#8221;, argument\u00f3.<br \/>\nBloque regional<br \/>\nFinalmente, en la previa al encuentro del bloque regional del Norte Grande que se realizar\u00e1 en Tucum\u00e1n este viernes 27 y donde se espera la presencia de Alberto Fern\u00e1ndez, Capitanich  indic\u00f3 que &#8220;los gobernadores queremos una Corte Suprema de Justicia con car\u00e1cter federal, subsidios al transporte p\u00fablico con la misma tesitura y que la Argentina sea federal y no corporativa&#8221;. &#8220;Estamos convencidos que formamos parte de un poder de base institucional debidamente organizado, mucha veces logramos consensos entre todos y otras las gran mayor\u00eda; pero la defensa de nuestros recursos contra el pretendido avasallamiento de la Ciudad Aut\u00f3noma de Buenos Aires respecto a los recursos de coparticipaci\u00f3n firmamos 19 gobernadores y gobernadoras&#8221;, ponder\u00f3.<br \/>\n&#8220;Estamos dispuestos a hacer valer nuestro poder institucional derivado de la voluntad popular; todos demostramos capacidad de administraci\u00f3n, saber gobernar y pretendemos construir una Argentina federal, justa y equitativa&#8221;, cerr\u00f3.<\/p>\n","protected":false},"excerpt":{"rendered":"<p>El primer mandatario provincial destac\u00f3 en la \u201cguerra contra la inflaci\u00f3n\u201d es fundamental \u201clograr un acuerdo de precios y salarios para tener una anclaje de expectativas inflacionarias\u201d. Para eso, entendi\u00f3 que es necesario conformar una mesa \u201ccon todos los sectores\u201d. Insisti\u00f3 en la necesidad de institucionalizar el Frente de Todos y, en la previa de [&hellip;]<\/p>\n","protected":false},"author":1,"featured_media":15588,"comment_status":"closed","ping_status":"closed","sticky":false,"template":"","format":"standard","meta":{"footnotes":""},"categories":[6],"tags":[],"class_list":{"0":"post-15587","1":"post","2":"type-post","3":"status-publish","4":"format-standard","5":"has-post-thumbnail","7":"category-chaco"},"_links":{"self":[{"href":"https:\/\/chacosintesis.com.ar\/index.php\/wp-json\/wp\/v2\/posts\/15587","targetHints":{"allow":["GET"]}}],"collection":[{"href":"https:\/\/chacosintesis.com.ar\/index.php\/wp-json\/wp\/v2\/posts"}],"about":[{"href":"https:\/\/chacosintesis.com.ar\/index.php\/wp-json\/wp\/v2\/types\/post"}],"author":[{"embeddable":true,"href":"https:\/\/chacosintesis.com.ar\/index.php\/wp-json\/wp\/v2\/users\/1"}],"replies":[{"embeddable":true,"href":"https:\/\/chacosintesis.com.ar\/index.php\/wp-json\/wp\/v2\/comments?post=15587"}],"version-history":[{"count":0,"href":"https:\/\/chacosintesis.com.ar\/index.php\/wp-json\/wp\/v2\/posts\/15587\/revisions"}],"wp:featuredmedia":[{"embeddable":true,"href":"https:\/\/chacosintesis.com.ar\/index.php\/wp-json\/wp\/v2\/media\/15588"}],"wp:attachment":[{"href":"https:\/\/chacosintesis.com.ar\/index.php\/wp-json\/wp\/v2\/media?parent=15587"}],"wp:term":[{"taxonomy":"category","embeddable":true,"href":"https:\/\/chacosintesis.com.ar\/index.php\/wp-json\/wp\/v2\/categories?post=15587"},{"taxonomy":"post_tag","embeddable":true,"href":"https:\/\/chacosintesis.com.ar\/index.php\/wp-json\/wp\/v2\/tags?post=15587"}],"curies":[{"name":"wp","href":"https:\/\/api.w.org\/{rel}","templated":true}]}}