{"id":15583,"date":"2022-05-24T21:30:16","date_gmt":"2022-05-25T00:30:16","guid":{"rendered":"https:\/\/chacosintesis.com.ar\/?p=15583"},"modified":"2022-05-24T21:37:36","modified_gmt":"2022-05-25T00:37:36","slug":"viruela-simica-ministerio-de-salud-chaqueno-emitio-recomendaciones","status":"publish","type":"post","link":"https:\/\/chacosintesis.com.ar\/index.php\/viruela-simica-ministerio-de-salud-chaqueno-emitio-recomendaciones\/","title":{"rendered":"Viruela s\u00edmica: Ministerio de Salud chaque\u00f1o emiti\u00f3 recomendaciones"},"content":{"rendered":"<p>El Ministerio de Salud P\u00fablica de la provincia emiti\u00f3 una alerta epidemiol\u00f3gica con una serie de recomendaciones a tener en cuenta sobre la viruela s\u00edmica debido a la posibilidad de que ingrese al pa\u00eds y al Chaco.<br \/>\nEn primera instancia, se\u00f1alan que &#8220;es importante que todas las personas que presenten s\u00edntomas compatibles, cuenten con antecedentes de viajes a zonas de riesgo o consideren exposici\u00f3n con casos sospechosos, tomen las medidas de aislamiento social y realicen la consulta al sistema de salud&#8221;.<br \/>\nEn este sentido, informan que la viruela s\u00edmica es una enfermedad zoon\u00f3tica, que puede transmitirse entre animales y seres humanos.<br \/>\n&#8220;Toda persona que presente s\u00edntomas compatibles (en especial erupciones), antecedentes de viaje a zonas de riesgo y\/o supone alguna exposici\u00f3n con un caso sospechoso, deber\u00e1 tomar medidas de aislamiento social, implementar medidas de protecci\u00f3n (uso adecuado de barbijo, ambientes ventilados y distancia de otras personas) y realizar la consulta con el sistema de salud de forma inmediata&#8221;, comunicaron.<br \/>\nAhora bien, \u00bfc\u00f3mo saber si uno estuvo expuesto al virus? Pues bien, el Ministerio de Salud P\u00fablica se\u00f1al\u00f3 que se pudo haber estado expuesto con el contacto con un caso sospechoso o confirmado, esto es, contacto f\u00edsico directo, incluido el contacto sexual.<br \/>\nTambi\u00e9n, a trav\u00e9s del contacto con materiales contaminados como ropa o ropa de cama. O a trav\u00e9s de exposici\u00f3n sin protecci\u00f3n respiratoria.<br \/>\nLos s\u00edntomas son erupci\u00f3n en la piel, dolor de cabeza, inicio s\u00fabito de fiebre (mayor a 38,5\u00b0), dolores musculares, dolor de espalda, cansancio, e inflamaci\u00f3n de ganglios.<\/p>\n","protected":false},"excerpt":{"rendered":"<p>El Ministerio de Salud P\u00fablica de la provincia emiti\u00f3 una alerta epidemiol\u00f3gica con una serie de recomendaciones a tener en cuenta sobre la viruela s\u00edmica debido a la posibilidad de que ingrese al pa\u00eds y al Chaco. En primera instancia, se\u00f1alan que &#8220;es importante que todas las personas que presenten s\u00edntomas compatibles, cuenten con antecedentes [&hellip;]<\/p>\n","protected":false},"author":1,"featured_media":15584,"comment_status":"closed","ping_status":"closed","sticky":false,"template":"","format":"standard","meta":{"footnotes":""},"categories":[6],"tags":[],"class_list":{"0":"post-15583","1":"post","2":"type-post","3":"status-publish","4":"format-standard","5":"has-post-thumbnail","7":"category-chaco"},"_links":{"self":[{"href":"https:\/\/chacosintesis.com.ar\/index.php\/wp-json\/wp\/v2\/posts\/15583","targetHints":{"allow":["GET"]}}],"collection":[{"href":"https:\/\/chacosintesis.com.ar\/index.php\/wp-json\/wp\/v2\/posts"}],"about":[{"href":"https:\/\/chacosintesis.com.ar\/index.php\/wp-json\/wp\/v2\/types\/post"}],"author":[{"embeddable":true,"href":"https:\/\/chacosintesis.com.ar\/index.php\/wp-json\/wp\/v2\/users\/1"}],"replies":[{"embeddable":true,"href":"https:\/\/chacosintesis.com.ar\/index.php\/wp-json\/wp\/v2\/comments?post=15583"}],"version-history":[{"count":0,"href":"https:\/\/chacosintesis.com.ar\/index.php\/wp-json\/wp\/v2\/posts\/15583\/revisions"}],"wp:featuredmedia":[{"embeddable":true,"href":"https:\/\/chacosintesis.com.ar\/index.php\/wp-json\/wp\/v2\/media\/15584"}],"wp:attachment":[{"href":"https:\/\/chacosintesis.com.ar\/index.php\/wp-json\/wp\/v2\/media?parent=15583"}],"wp:term":[{"taxonomy":"category","embeddable":true,"href":"https:\/\/chacosintesis.com.ar\/index.php\/wp-json\/wp\/v2\/categories?post=15583"},{"taxonomy":"post_tag","embeddable":true,"href":"https:\/\/chacosintesis.com.ar\/index.php\/wp-json\/wp\/v2\/tags?post=15583"}],"curies":[{"name":"wp","href":"https:\/\/api.w.org\/{rel}","templated":true}]}}