{"id":15579,"date":"2022-05-24T13:57:45","date_gmt":"2022-05-24T16:57:45","guid":{"rendered":"https:\/\/chacosintesis.com.ar\/?p=15579"},"modified":"2022-05-24T14:07:01","modified_gmt":"2022-05-24T17:07:01","slug":"saenz-pena-hablo-la-mujer-brutalmente-golpeada-por-el-padre-de-su-hijo-que-sigue-profugo","status":"publish","type":"post","link":"https:\/\/chacosintesis.com.ar\/index.php\/saenz-pena-hablo-la-mujer-brutalmente-golpeada-por-el-padre-de-su-hijo-que-sigue-profugo\/","title":{"rendered":"S\u00e1enz Pe\u00f1a | Habl\u00f3 la mujer brutalmente golpeada por el padre de su hijo, que sigue pr\u00f3fugo"},"content":{"rendered":"<p>En di\u00e1logo con Norte Grande Federal, Sandra cont\u00f3 que &#8220;fue la primera vez que me peg\u00f3&#8221;.<br \/>\n &#8220;Ahora ya no me acuerdo nada, porque cuando \u00e9l me golpe\u00f3 yo fui y le dije a mi hermana, y despu\u00e9s me llevaron al hospital y me internaron&#8221;, cont\u00f3 este martes Sandra ante las c\u00e1maras de Norte Grande Federal. El acusado de la brutal golpiza es el padre de uno de sus hijos, Damian Alejandro Zacmon alias &#8220;Pilincho&#8221;, que desde el hecho -el pasado 19 de mayo- se encuentra pr\u00f3fugo.<\/p>\n<p>La mujer, que presenta heridas visibles en su mejilla y ojos izquierdos y en la boca -adem\u00e1s de otras en distintas partes del cuerpo-, asegur\u00f3 que &#8220;fue la primera vez que me peg\u00f3&#8221;. Explic\u00f3 que nunca convivi\u00f3 con el hombre, pero que este era padre de su hijo menor.<\/p>\n<p>Norte Grande Federal tambi\u00e9n logr\u00f3 hablar con la madre de Sandra, Ramona, quien actualmente reside en Av\u00eda Terai. Relat\u00f3 que se enter\u00f3 de lo que hab\u00eda sucedido por un llamado de la Polic\u00eda, tras lo cual viaj\u00f3 a la ciudad Termal.<\/p>\n<p>Ramona cont\u00f3 que, seg\u00fan el relato de los hermanos de la v\u00edctima, el sujeto entr\u00f3 en la casa de Sandra y esta comenz\u00f3 a forcejear con \u00e9l hasta que logr\u00f3 escapar. No obstante, en la hu\u00edda el sujeto la golpe\u00f3 en la espalda con un palo, provocando que la mujer caiga desmayada. &#8220;Ah\u00ed \u00e9l la llev\u00f3 para adentro y le empez\u00f3 a jugar. Le cort\u00f3 el rostro, porque ten\u00eda todo sangre&#8221;, agreg\u00f3.<\/p>\n<p>La familia reclama el accionar de la Justicia para que el hombre est\u00e9 detenido. Asimismo, contrataron a una abogada para llevar adelante el proceso judicial. &#8220;Ese hombre no puede estar libre. Estamos atemorizados por ella, porque no tenemos ninguna custodia&#8221;, apunt\u00f3 la madre de la v\u00edctima.<\/p>\n<p>Diario21.tv<\/p>\n","protected":false},"excerpt":{"rendered":"<p>En di\u00e1logo con Norte Grande Federal, Sandra cont\u00f3 que &#8220;fue la primera vez que me peg\u00f3&#8221;. &#8220;Ahora ya no me acuerdo nada, porque cuando \u00e9l me golpe\u00f3 yo fui y le dije a mi hermana, y despu\u00e9s me llevaron al hospital y me internaron&#8221;, cont\u00f3 este martes Sandra ante las c\u00e1maras de Norte Grande Federal. [&hellip;]<\/p>\n","protected":false},"author":1,"featured_media":15580,"comment_status":"closed","ping_status":"closed","sticky":false,"template":"","format":"standard","meta":{"footnotes":""},"categories":[6],"tags":[],"class_list":{"0":"post-15579","1":"post","2":"type-post","3":"status-publish","4":"format-standard","5":"has-post-thumbnail","7":"category-chaco"},"_links":{"self":[{"href":"https:\/\/chacosintesis.com.ar\/index.php\/wp-json\/wp\/v2\/posts\/15579","targetHints":{"allow":["GET"]}}],"collection":[{"href":"https:\/\/chacosintesis.com.ar\/index.php\/wp-json\/wp\/v2\/posts"}],"about":[{"href":"https:\/\/chacosintesis.com.ar\/index.php\/wp-json\/wp\/v2\/types\/post"}],"author":[{"embeddable":true,"href":"https:\/\/chacosintesis.com.ar\/index.php\/wp-json\/wp\/v2\/users\/1"}],"replies":[{"embeddable":true,"href":"https:\/\/chacosintesis.com.ar\/index.php\/wp-json\/wp\/v2\/comments?post=15579"}],"version-history":[{"count":0,"href":"https:\/\/chacosintesis.com.ar\/index.php\/wp-json\/wp\/v2\/posts\/15579\/revisions"}],"wp:featuredmedia":[{"embeddable":true,"href":"https:\/\/chacosintesis.com.ar\/index.php\/wp-json\/wp\/v2\/media\/15580"}],"wp:attachment":[{"href":"https:\/\/chacosintesis.com.ar\/index.php\/wp-json\/wp\/v2\/media?parent=15579"}],"wp:term":[{"taxonomy":"category","embeddable":true,"href":"https:\/\/chacosintesis.com.ar\/index.php\/wp-json\/wp\/v2\/categories?post=15579"},{"taxonomy":"post_tag","embeddable":true,"href":"https:\/\/chacosintesis.com.ar\/index.php\/wp-json\/wp\/v2\/tags?post=15579"}],"curies":[{"name":"wp","href":"https:\/\/api.w.org\/{rel}","templated":true}]}}