{"id":15554,"date":"2022-05-23T09:44:15","date_gmt":"2022-05-23T12:44:15","guid":{"rendered":"https:\/\/chacosintesis.com.ar\/?p=15554"},"modified":"2022-05-23T10:07:24","modified_gmt":"2022-05-23T13:07:24","slug":"choque-entre-un-auto-y-un-camion-termino-con-un-hombre-internado-de-gravedad","status":"publish","type":"post","link":"https:\/\/chacosintesis.com.ar\/index.php\/choque-entre-un-auto-y-un-camion-termino-con-un-hombre-internado-de-gravedad\/","title":{"rendered":"Choque entre un auto y un cami\u00f3n termin\u00f3 con un hombre internado de gravedad"},"content":{"rendered":"<p>Unos minutos despu\u00e9s de las 20 de este \u00faltimo domingo, personal de la comisar\u00eda de Corzuela debieron intervenir en un siniestro de tr\u00e1nsito protagonizado entre un Fiat \u201cUno\u201d y un cami\u00f3n con acoplado, en la zona del kil\u00f3metro 212 de la Ruta Nacional N\u00ba 89.<\/p>\n<p>Seg\u00fan lo notificado en un parte policial, el autom\u00f3vil circulaba con dos personas, un acompa\u00f1ante de 22 a\u00f1os y el conductor, un hombre de 43 a\u00f1os. Indicaron que ambos fueron trasladados en ambulancia al nosocomio local, donde el mayor de ellos fue diagnosticado con \u201cTEC grave, hundimiento de cr\u00e1neo\u201d y debi\u00f3 ser derivado al Hospital de S\u00e1enz Pe\u00f1a.<\/p>\n<p>Respecto del otro involucrado en el choque, indicaron que se tratar\u00eda de un cami\u00f3n con acoplado, del cual, en principio, se desconocer\u00edan las caracter\u00edsticas y el dominio, ya que se\u00f1alaron que \u201cse habr\u00eda fugado del lugar\u201d. En el lugar tom\u00f3 intervenci\u00f3n el Fiscal de Investigaci\u00f3n Penal N\u00ba 3 de Charata y del perito policial, mediante lo cual se logr\u00f3 secuestrar el cami\u00f3n y detener al conductor.<\/p>\n","protected":false},"excerpt":{"rendered":"<p>Unos minutos despu\u00e9s de las 20 de este \u00faltimo domingo, personal de la comisar\u00eda de Corzuela debieron intervenir en un siniestro de tr\u00e1nsito protagonizado entre un Fiat \u201cUno\u201d y un cami\u00f3n con acoplado, en la zona del kil\u00f3metro 212 de la Ruta Nacional N\u00ba 89. Seg\u00fan lo notificado en un parte policial, el autom\u00f3vil circulaba [&hellip;]<\/p>\n","protected":false},"author":1,"featured_media":15555,"comment_status":"closed","ping_status":"closed","sticky":false,"template":"","format":"standard","meta":{"footnotes":""},"categories":[6],"tags":[],"class_list":{"0":"post-15554","1":"post","2":"type-post","3":"status-publish","4":"format-standard","5":"has-post-thumbnail","7":"category-chaco"},"_links":{"self":[{"href":"https:\/\/chacosintesis.com.ar\/index.php\/wp-json\/wp\/v2\/posts\/15554","targetHints":{"allow":["GET"]}}],"collection":[{"href":"https:\/\/chacosintesis.com.ar\/index.php\/wp-json\/wp\/v2\/posts"}],"about":[{"href":"https:\/\/chacosintesis.com.ar\/index.php\/wp-json\/wp\/v2\/types\/post"}],"author":[{"embeddable":true,"href":"https:\/\/chacosintesis.com.ar\/index.php\/wp-json\/wp\/v2\/users\/1"}],"replies":[{"embeddable":true,"href":"https:\/\/chacosintesis.com.ar\/index.php\/wp-json\/wp\/v2\/comments?post=15554"}],"version-history":[{"count":0,"href":"https:\/\/chacosintesis.com.ar\/index.php\/wp-json\/wp\/v2\/posts\/15554\/revisions"}],"wp:featuredmedia":[{"embeddable":true,"href":"https:\/\/chacosintesis.com.ar\/index.php\/wp-json\/wp\/v2\/media\/15555"}],"wp:attachment":[{"href":"https:\/\/chacosintesis.com.ar\/index.php\/wp-json\/wp\/v2\/media?parent=15554"}],"wp:term":[{"taxonomy":"category","embeddable":true,"href":"https:\/\/chacosintesis.com.ar\/index.php\/wp-json\/wp\/v2\/categories?post=15554"},{"taxonomy":"post_tag","embeddable":true,"href":"https:\/\/chacosintesis.com.ar\/index.php\/wp-json\/wp\/v2\/tags?post=15554"}],"curies":[{"name":"wp","href":"https:\/\/api.w.org\/{rel}","templated":true}]}}