{"id":15542,"date":"2022-05-22T19:19:00","date_gmt":"2022-05-22T22:19:00","guid":{"rendered":"https:\/\/chacosintesis.com.ar\/?p=15542"},"modified":"2022-05-22T19:39:14","modified_gmt":"2022-05-22T22:39:14","slug":"ante-una-multitud-se-desarrollo-la-tradicional-festividad-de-santa-rita-en-puerto-tirol","status":"publish","type":"post","link":"https:\/\/chacosintesis.com.ar\/index.php\/ante-una-multitud-se-desarrollo-la-tradicional-festividad-de-santa-rita-en-puerto-tirol\/","title":{"rendered":"Ante una multitud, se desarroll\u00f3 la tradicional festividad de Santa Rita en Puerto Tirol"},"content":{"rendered":"<p>La vicegobernadora Rach Quiroga y funcionarios del Ejecutivo participaron de la multitudinaria celebraci\u00f3n religiosa, y destacaron la gran convocatoria de creyentes de distintos puntos de la provincia y la regi\u00f3n.<\/p>\n<p>La vicegobernadora Anal\u00eda Rach Quiroga junto a la ministra de Salud Carolina Centeno y al subsecretario de Gobierno Ra\u00fal Bittel, participaron en la ma\u00f1ana de este domingo, de la tradicional festividad de Santa Rita de Casia, en Puerto Tirol. Como cada 22 de mayo, d\u00eda en que se recuerda a la \u201cPatrona de las Causas Imposibles\u201d, miles de fieles de distintos puntos del pa\u00eds se dieron cita en la localidad chaque\u00f1a para participar de la tradicional peregrinaci\u00f3n y celebraci\u00f3n religiosa en honor a la santa.<br \/>\nLa festividad fue declarada de inter\u00e9s provincial, a trav\u00e9s del decreto 789\/2022. \u201cSanta Rita, ay\u00fadanos a ser una iglesia en camino de escucha, di\u00e1logo y encuentro\u201d, fue el lema elegido para la actual edici\u00f3n. Las actividades se iniciaron el s\u00e1bado 21 de mayo con el rezo del \u201cRosario por la Vida\u201d.; y contin\u00faan este domingo 22 con las celebraciones de diversas misas para la comunidad religiosa y una procesi\u00f3n por las calles de Puerto Tirol.<br \/>\n\u201cDesde el Gobierno acompa\u00f1amos esta celebraci\u00f3n tan importante que llena de esperanzas y alegr\u00eda al pueblo chaque\u00f1o creyente\u201d, subray\u00f3 Bittel, quien acompa\u00f1\u00f3 a la vicegobernadora, quien asisti\u00f3 en representaci\u00f3n del gobernador Capitanich que a\u00f1o tras a\u00f1o participa del evento y que en esta oportunidad por motivos de agenda no pudo estar presente. Tambi\u00e9n particip\u00f3 de la jornada el diputado provincial Hugo Sager.<br \/>\nEl evento, que todos los a\u00f1os convoca a miles de personas, cont\u00f3 con el acompa\u00f1amiento del Estado chaque\u00f1o, desde la disposici\u00f3n de postas sanitarias ante cualquier eventualidad, hasta el enripiado de caminos \u2013a trav\u00e9s de la Direcci\u00f3n de Vialidad Provincial- por donde se llevar\u00e1 a cabo la peregrinaci\u00f3n, la presencia de las fuerzas de seguridad. \u201cNos emociona esta gran convocatoria; y hemos colaborado en garantizar las condiciones del lugar para que esta gente pueda estar hoy aqu\u00ed\u201d, concluy\u00f3 el funcionario.<br \/>\nAdem\u00e1s, a trav\u00e9s de la Administraci\u00f3n Provincial del Agua (APA) se ejecutaron trabajos de limpieza de la laguna Beligoy que se encuentra contigua a la Parroquia San Jos\u00e9 \u2013 Santa Rita.<br \/>\nEn ese contexto, Antonio Aguirre, un vecino del lugar, destac\u00f3 la organizaci\u00f3n del evento y asegur\u00f3 que se trata de un d\u00eda de mucha alegr\u00eda para las y los creyentes. En tanto que Raquel, oriunda de Villa Guillermina (Santa Fe), asegur\u00f3 que esta festividad tiene un valor muy importante en su vida y que desde hace m\u00e1s de 20 a\u00f1os que concurre a cada peregrinaci\u00f3n.<br \/>\nPostas sanitarias<br \/>\nLa ministra de Salud explic\u00f3 que se instalaron cuatro postas sanitarias en la localidad, una de ellas con el cami\u00f3n sanitario con personal de enfermer\u00eda para cualquier eventualidad. Tambi\u00e9n se dispuso una posta de vacunaci\u00f3n para prevenci\u00f3n del covid-19.<br \/>\n\u201cEstamos en un contexto de aumentos de casos a nivel pa\u00eds y la provincia no est\u00e1 ajena a eso; por eso es importante la vacunaci\u00f3n y que sigamos sosteniendo las medidas de cuidado\u201d, apunt\u00f3 la funcionaria. Y reiter\u00f3 que es imprescindible seguir usando tapabocas y las dem\u00e1s medidas preventivas, adem\u00e1s de cumplimentar el esquema de vacunaci\u00f3n.<br \/>\nPor \u00faltimo, indic\u00f3 que la cartera sanitaria est\u00e1 presente siempre en todo tipo de eventos culturales y religiosos multitudinarios para facilitar a la gente el acceso a las vacunas.<\/p>\n","protected":false},"excerpt":{"rendered":"<p>La vicegobernadora Rach Quiroga y funcionarios del Ejecutivo participaron de la multitudinaria celebraci\u00f3n religiosa, y destacaron la gran convocatoria de creyentes de distintos puntos de la provincia y la regi\u00f3n. La vicegobernadora Anal\u00eda Rach Quiroga junto a la ministra de Salud Carolina Centeno y al subsecretario de Gobierno Ra\u00fal Bittel, participaron en la ma\u00f1ana de [&hellip;]<\/p>\n","protected":false},"author":1,"featured_media":15543,"comment_status":"closed","ping_status":"closed","sticky":false,"template":"","format":"standard","meta":{"footnotes":""},"categories":[6],"tags":[],"class_list":{"0":"post-15542","1":"post","2":"type-post","3":"status-publish","4":"format-standard","5":"has-post-thumbnail","7":"category-chaco"},"_links":{"self":[{"href":"https:\/\/chacosintesis.com.ar\/index.php\/wp-json\/wp\/v2\/posts\/15542","targetHints":{"allow":["GET"]}}],"collection":[{"href":"https:\/\/chacosintesis.com.ar\/index.php\/wp-json\/wp\/v2\/posts"}],"about":[{"href":"https:\/\/chacosintesis.com.ar\/index.php\/wp-json\/wp\/v2\/types\/post"}],"author":[{"embeddable":true,"href":"https:\/\/chacosintesis.com.ar\/index.php\/wp-json\/wp\/v2\/users\/1"}],"replies":[{"embeddable":true,"href":"https:\/\/chacosintesis.com.ar\/index.php\/wp-json\/wp\/v2\/comments?post=15542"}],"version-history":[{"count":0,"href":"https:\/\/chacosintesis.com.ar\/index.php\/wp-json\/wp\/v2\/posts\/15542\/revisions"}],"wp:featuredmedia":[{"embeddable":true,"href":"https:\/\/chacosintesis.com.ar\/index.php\/wp-json\/wp\/v2\/media\/15543"}],"wp:attachment":[{"href":"https:\/\/chacosintesis.com.ar\/index.php\/wp-json\/wp\/v2\/media?parent=15542"}],"wp:term":[{"taxonomy":"category","embeddable":true,"href":"https:\/\/chacosintesis.com.ar\/index.php\/wp-json\/wp\/v2\/categories?post=15542"},{"taxonomy":"post_tag","embeddable":true,"href":"https:\/\/chacosintesis.com.ar\/index.php\/wp-json\/wp\/v2\/tags?post=15542"}],"curies":[{"name":"wp","href":"https:\/\/api.w.org\/{rel}","templated":true}]}}