{"id":15538,"date":"2022-05-22T15:38:57","date_gmt":"2022-05-22T18:38:57","guid":{"rendered":"https:\/\/chacosintesis.com.ar\/?p=15538"},"modified":"2022-05-22T15:42:04","modified_gmt":"2022-05-22T18:42:04","slug":"por-primera-vez-colonia-popular-sera-sede-del-acto-central-para-conmemorar-el-aniversario-de-la-revolucion-de-mayo","status":"publish","type":"post","link":"https:\/\/chacosintesis.com.ar\/index.php\/por-primera-vez-colonia-popular-sera-sede-del-acto-central-para-conmemorar-el-aniversario-de-la-revolucion-de-mayo\/","title":{"rendered":"Por primera vez Colonia Popular ser\u00e1 sede del acto central para conmemorar el aniversario de la revoluci\u00f3n de Mayo"},"content":{"rendered":"<p>Por primera vez Colonia Popular ser\u00e1 sede del acto central para conmemorar el 112\u00ba Aniversario de la Revoluci\u00f3n de Mayo de 1810. La ceremonia protocolar est\u00e1 prevista que comience a las 9.00 en la Plaza 25 de Mayo de la localidad. Ya se  est\u00e1n ultimando los detalles organizativos y la coordinaci\u00f3n del desarrollo del acto que ser\u00e1 presidido por el gobernador CPN Jorge Milton Capitanich, acompa\u00f1ado por el intendente municipal Juan Carlos Plozzer.<br \/>\nPrograma de acto<br \/>\nEl programa de acto dar\u00e1 inicio a las  8.30 con una chocolatada para todos en la Plaza central. Seguidamente en el SUM se realizaron los saludos protocolares al gobernador del Chaco y miembros de su Gabinete de gobierno.<br \/>\nA las 9.00 dar\u00e1  comienzo el acto central con la entonaci\u00f3n del Himno Nacional Argentino y seguidamente la canci\u00f3n del Chaco. A su t\u00e9rmino dirigir\u00e1 unas palabras el intendente municipal de Colonia Popular Juan Carlos Plozzer.<br \/>\nActo seguido se escuchar\u00e1 el discurso del gobernador Jorge Milton Capitanich. Como cierre de la ceremonia central se realizar\u00e1 un desfile c\u00edvico militar<br \/>\nHecho hist\u00f3rico<br \/>\nAl referirse al acto central del 25 de Mayo en Colonia Popular, el intendente municipal de la localidad Juan Carlos Plozzer destac\u00f3 que \u201cpara nosotros  significa un hecho hist\u00f3rico sin presente y un gran honor para todos los habitantes de Colonia Popular recibir al Gobernador Jorge Milton Capitanich y miembros de su Gabinete para conmemorar un aniversario m\u00e1s de la Revoluci\u00f3n de Mayo de 1810. Invitamos a todos los pobladores de nuestra comunidad y de localidades vecinas a participar de este acto central para recordar a los hombres que hicieron posible la gesta de Mayo.\u201d<\/p>\n","protected":false},"excerpt":{"rendered":"<p>Por primera vez Colonia Popular ser\u00e1 sede del acto central para conmemorar el 112\u00ba Aniversario de la Revoluci\u00f3n de Mayo de 1810. La ceremonia protocolar est\u00e1 prevista que comience a las 9.00 en la Plaza 25 de Mayo de la localidad. Ya se est\u00e1n ultimando los detalles organizativos y la coordinaci\u00f3n del desarrollo del acto [&hellip;]<\/p>\n","protected":false},"author":1,"featured_media":15539,"comment_status":"closed","ping_status":"closed","sticky":false,"template":"","format":"standard","meta":{"footnotes":""},"categories":[6],"tags":[],"class_list":{"0":"post-15538","1":"post","2":"type-post","3":"status-publish","4":"format-standard","5":"has-post-thumbnail","7":"category-chaco"},"_links":{"self":[{"href":"https:\/\/chacosintesis.com.ar\/index.php\/wp-json\/wp\/v2\/posts\/15538","targetHints":{"allow":["GET"]}}],"collection":[{"href":"https:\/\/chacosintesis.com.ar\/index.php\/wp-json\/wp\/v2\/posts"}],"about":[{"href":"https:\/\/chacosintesis.com.ar\/index.php\/wp-json\/wp\/v2\/types\/post"}],"author":[{"embeddable":true,"href":"https:\/\/chacosintesis.com.ar\/index.php\/wp-json\/wp\/v2\/users\/1"}],"replies":[{"embeddable":true,"href":"https:\/\/chacosintesis.com.ar\/index.php\/wp-json\/wp\/v2\/comments?post=15538"}],"version-history":[{"count":0,"href":"https:\/\/chacosintesis.com.ar\/index.php\/wp-json\/wp\/v2\/posts\/15538\/revisions"}],"wp:featuredmedia":[{"embeddable":true,"href":"https:\/\/chacosintesis.com.ar\/index.php\/wp-json\/wp\/v2\/media\/15539"}],"wp:attachment":[{"href":"https:\/\/chacosintesis.com.ar\/index.php\/wp-json\/wp\/v2\/media?parent=15538"}],"wp:term":[{"taxonomy":"category","embeddable":true,"href":"https:\/\/chacosintesis.com.ar\/index.php\/wp-json\/wp\/v2\/categories?post=15538"},{"taxonomy":"post_tag","embeddable":true,"href":"https:\/\/chacosintesis.com.ar\/index.php\/wp-json\/wp\/v2\/tags?post=15538"}],"curies":[{"name":"wp","href":"https:\/\/api.w.org\/{rel}","templated":true}]}}