{"id":15530,"date":"2022-05-21T22:15:06","date_gmt":"2022-05-22T01:15:06","guid":{"rendered":"https:\/\/chacosintesis.com.ar\/?p=15530"},"modified":"2022-05-21T22:37:26","modified_gmt":"2022-05-22T01:37:26","slug":"28-aniversario-de-convergencia-social-vamos-a-liderar-el-cambio","status":"publish","type":"post","link":"https:\/\/chacosintesis.com.ar\/index.php\/28-aniversario-de-convergencia-social-vamos-a-liderar-el-cambio\/","title":{"rendered":"28\u00b0 Aniversario de Convergencia Social: &#8220;Vamos a liderar el cambio&#8221;"},"content":{"rendered":"<p>Con una multitudinaria participaci\u00f3n de dirigentes y militantes de la provincia, Convergencia Social-UCR Chaco, conmemor\u00f3 el 28\u00b0 aniversario de su fundaci\u00f3n, el 21 de mayo de 1994. Estuvieron presentes el creador y presidente del movimiento, el ex gobernador Angel Rozas, los precandidatos a gobernador de la provincia, el presidente del interbloque de diputados provinciales Carim Peche, el diputado nacional Juan Carlos Polini y el senador nacional V\u00edctor Zimmermann, legisladores, intendentes y concejales.<br \/>\nFinalizado el encuentro,  se dio a conocer un documento en el que se comienza sintetizando la historia y gesti\u00f3n de Convergencia Social para continuar con un an\u00e1lisis respecto de la delicada situaci\u00f3n econ\u00f3mica, social e institucional que atraviesa la provincia  y finaliza presentando las pol\u00edticas y programas a desarrollar para revertir tal situaci\u00f3n:<br \/>\n\u201cHace 28 a\u00f1os, el 21 de mayo de 1994, nac\u00eda Convergencia Social-UCR Chaco, espacio de bases progresistas, humanistas, populares y solidarias;  valores y principios  que nos permitieron demostrar a la sociedad que es posible gobernar de otra manera, escuchando, poni\u00e9ndose en el lugar del otro, gestionando con honestidad y transparencia  para que los recursos llegaran adonde ten\u00edan que llegar a trav\u00e9s de obras y programas que  mejoraran la calidad de vida de las personas\u201d.<br \/>\n\u201cFue as\u00ed que  trajimos el ferrocarril Sefecha, pusimos en marcha un plan de alfabetizaci\u00f3n \u00fanico en el pa\u00eds, \u201cNunca es Tarde\u201d, construimos residencias estudiantiles gratuitas, viviendas urbanas y rurales, defensas definitivas contra inundaciones en \u00e1rea metropolitana e interior, Plan Nal\u00e1 de iluminaci\u00f3n p\u00fablica gratuita, electrificaci\u00f3n rural, no aumentamos las tarifas de agua y luz durante nuestros 12 a\u00f1os de gobierno sin comprometer las finanzas de las empresas p\u00fablicas, eran superavitarias. Y as\u00ed tantas otras acciones\u201d.<br \/>\n\u201cHoy vemos con profunda preocupaci\u00f3n c\u00f3mo, a pesar de ser el Chaco la cuarta provincia que m\u00e1s dinero recibe en concepto de coparticipaci\u00f3n, tenemos la mayor cantidad de pobres e indigentes del pa\u00eds, salarios y jubilaciones por debajo de la l\u00ednea de pobreza, inflaci\u00f3n sin freno, piquetes los 365 d\u00edas del a\u00f1o, tarifazos e impuestazos que asfixian a las familias trabajadoras y a quienes producen y generan empleo. La educaci\u00f3n y la salud no son una prioridad y las obras esenciales no se hacen. Debemos volver a ser una provincia gobernada con transparencia y austeridad\u201d.<br \/>\n\u201cEs inexplicable la indiferencia frente a la inseguridad  y el avance del narcotr\u00e1fico, flagelos que impactan fuerte en la sociedad, particularmente en los sectores m\u00e1s vulnerables.   Un modelo que nos ha sumergido en un proceso de decadencia econ\u00f3mica, social, cultural e institucional del que necesitamos salir con urgencia\u201d.<br \/>\n\u201cEn Convergencia Social tenemos un plan, sabemos hacia d\u00f3nde ir y c\u00f3mo hacerlo. Vamos a construir una provincia en la que se privilegie la educaci\u00f3n y la salud como eje transversal de toda pol\u00edtica p\u00fablica, en la que el \u00e9xito est\u00e9 asociado al esfuerzo y la superaci\u00f3n personal, generando las oportunidades que necesitan las nuevas generaciones para desarrollar sus proyectos de vida\u201d.<br \/>\n\u201cQueremos un Chaco en el que podamos circular, trabajar y vivir en paz y  libertad, con orden y seguridad. Una provincia de cara al mundo, capaz de satisfacer las nuevas demandas vinculadas a la innovaci\u00f3n tecnol\u00f3gica  y el desarrollo sostenible.  Queremos un Chaco en el que la inclusi\u00f3n, la igualdad y la diversidad sean parte de lo cotidiano y no la excepci\u00f3n\u201d.<br \/>\n\u201cVamos a liderar el cambio porque nos animamos a los desaf\u00edos, a empezar de nuevo. Tenemos mujeres y hombres que se atreven a so\u00f1ar. Somos la esperanza, somos Convergencia Social caminando hacia el 2023\u201d.<\/p>\n","protected":false},"excerpt":{"rendered":"<p>Con una multitudinaria participaci\u00f3n de dirigentes y militantes de la provincia, Convergencia Social-UCR Chaco, conmemor\u00f3 el 28\u00b0 aniversario de su fundaci\u00f3n, el 21 de mayo de 1994. Estuvieron presentes el creador y presidente del movimiento, el ex gobernador Angel Rozas, los precandidatos a gobernador de la provincia, el presidente del interbloque de diputados provinciales Carim [&hellip;]<\/p>\n","protected":false},"author":1,"featured_media":15531,"comment_status":"closed","ping_status":"closed","sticky":false,"template":"","format":"standard","meta":{"footnotes":""},"categories":[6],"tags":[197],"class_list":{"0":"post-15530","1":"post","2":"type-post","3":"status-publish","4":"format-standard","5":"has-post-thumbnail","7":"category-chaco","8":"tag-destacada"},"_links":{"self":[{"href":"https:\/\/chacosintesis.com.ar\/index.php\/wp-json\/wp\/v2\/posts\/15530","targetHints":{"allow":["GET"]}}],"collection":[{"href":"https:\/\/chacosintesis.com.ar\/index.php\/wp-json\/wp\/v2\/posts"}],"about":[{"href":"https:\/\/chacosintesis.com.ar\/index.php\/wp-json\/wp\/v2\/types\/post"}],"author":[{"embeddable":true,"href":"https:\/\/chacosintesis.com.ar\/index.php\/wp-json\/wp\/v2\/users\/1"}],"replies":[{"embeddable":true,"href":"https:\/\/chacosintesis.com.ar\/index.php\/wp-json\/wp\/v2\/comments?post=15530"}],"version-history":[{"count":0,"href":"https:\/\/chacosintesis.com.ar\/index.php\/wp-json\/wp\/v2\/posts\/15530\/revisions"}],"wp:featuredmedia":[{"embeddable":true,"href":"https:\/\/chacosintesis.com.ar\/index.php\/wp-json\/wp\/v2\/media\/15531"}],"wp:attachment":[{"href":"https:\/\/chacosintesis.com.ar\/index.php\/wp-json\/wp\/v2\/media?parent=15530"}],"wp:term":[{"taxonomy":"category","embeddable":true,"href":"https:\/\/chacosintesis.com.ar\/index.php\/wp-json\/wp\/v2\/categories?post=15530"},{"taxonomy":"post_tag","embeddable":true,"href":"https:\/\/chacosintesis.com.ar\/index.php\/wp-json\/wp\/v2\/tags?post=15530"}],"curies":[{"name":"wp","href":"https:\/\/api.w.org\/{rel}","templated":true}]}}