{"id":15528,"date":"2022-05-21T10:50:40","date_gmt":"2022-05-21T13:50:40","guid":{"rendered":"https:\/\/chacosintesis.com.ar\/?p=15528"},"modified":"2022-05-21T11:08:28","modified_gmt":"2022-05-21T14:08:28","slug":"unas-59-viviendas-fueron-pre-adjudicadas-a-familias-de-pampa-del-infierno","status":"publish","type":"post","link":"https:\/\/chacosintesis.com.ar\/index.php\/unas-59-viviendas-fueron-pre-adjudicadas-a-familias-de-pampa-del-infierno\/","title":{"rendered":"Unas 59 viviendas fueron pre-adjudicadas a familias de Pampa del Infierno"},"content":{"rendered":"<p>Con la presencia de m\u00e1s de 200 vecinas y vecinos, el Instituto Provincial de Desarrollo Urbano y Viviendas (Ipduv) realiz\u00f3 el sorteo p\u00fablico a trav\u00e9s del cual se asignaron futuros m\u00f3dulos habitacionales a familias (con y sin hijos), personas con discapacidad, personal policial y quienes poseen mayor antig\u00fcedad de inscripci\u00f3n.<\/p>\n<p>Con la participaci\u00f3n de m\u00e1s de doscientas personas, el titular del Instituto provincial de Desarrollo Urbano y Vivienda (Ipduv), Diego Ar\u00e9valo, acompa\u00f1ado de la intendenta Glenda Seifert, encabez\u00f3 en la jornada de este viernes 20, el sorteo p\u00fablico de pre adjudicaci\u00f3n de 59 nuevas viviendas en Pampa del Infierno.<br \/>\n\u201cCada sorteo que concretamos nos permite estar m\u00e1s cerca de hacer realidad el sue\u00f1o de la casa propia de cada familia chaque\u00f1a&#8221;, asegur\u00f3 Ar\u00e9valo, quien estuvo acompa\u00f1ado de los vocales del Ipduv, Mirko Nicolich y Mariano Brahim; adem\u00e1s del \u00e1rea de registro notarial especial que supervis\u00f3 la jornada.<br \/>\nEn esta oportunidad, el Instituto Provincial asign\u00f3 59 viviendas con diferentes cupos a familias con y sin hijos, a personas con discapacidad, a personal policial y a aquellas que poseen mayor antig\u00fcedad de inscripci\u00f3n. Tambi\u00e9n adelantaron que pr\u00f3ximamente se construir\u00e1n m\u00e1s unidades para la localidad llegando a un total aproximado de 90 viviendas, con las sorteadas el d\u00eda de hoy.<br \/>\n\u201cEstos son los actos que nos emocionan y nos dan la fuerza para continuar con nuestro trabajo\u201d, destac\u00f3 Ar\u00e9valo frente al auditorio, reconociendo que \u201csi bien la demanda es grande todav\u00eda, se trabaja todos los d\u00edas para llevar esperanza a cada familia chaque\u00f1a\u201d.<br \/>\n\u201cSabemos que la vivienda es un bien social, hay muchas familias que no pueden acceder y por ello es que durante la gesti\u00f3n que nos toca, asumimos el compromiso y la obligaci\u00f3n de ir cubriendo, a trav\u00e9s de las pol\u00edticas p\u00fablicas, el d\u00e9ficit habitacional a\u00fan existente\u201d, agreg\u00f3.<br \/>\nAdem\u00e1s, destac\u00f3 que una vez finalizadas las viviendas es de suma importancia que cada unidad sea distribuida de forma transparente y bajo un sistema igualitario. \u201cQuiero que sepan todos los ciudadanos y ciudadanas que \u201cel sue\u00f1o de la casa propia es posible, ese es nuestro objetivo y para ello trabajamos cada d\u00eda, no s\u00f3lo para finalizar obras sino tambi\u00e9n para que la adjudicaci\u00f3n de cada vivienda que construimos sea atribuida en igualdad de oportunidades\u201d, remarc\u00f3.<br \/>\nPor su parte, la jefa comunal expres\u00f3 su agradecimiento al gobernador y al presidente del Ipduv por impulsar estos proyectos que apuestan al crecimiento urbano no s\u00f3lo de Pampa del Infierno sino tambi\u00e9n de los dem\u00e1s municipios que est\u00e1n proyectando un crecimiento habitacional notorio y que necesitaban ir cubriendo sus demandas habitacionales.<br \/>\nInscripci\u00f3n para participar de los sorteos<br \/>\nPara participar del sorteo p\u00fablico de viviendas, todos aquellos o aquellas que requieran de una unidad habitacional deber\u00e1n estar inscriptas, con datos actualizados y con la inscripci\u00f3n realizada en el registro \u00fanico de postulantes con el que cuenta el Ipduv. All\u00ed, quedan registradas las personas que desean participar de cada sorteo y cumplen con los requisitos demandados por el Instituto de Vivienda. Para obtener mayor informaci\u00f3n e inscribirse a los sorteos deben ingresar a la p\u00e1gina web oficial del organismo.<\/p>\n","protected":false},"excerpt":{"rendered":"<p>Con la presencia de m\u00e1s de 200 vecinas y vecinos, el Instituto Provincial de Desarrollo Urbano y Viviendas (Ipduv) realiz\u00f3 el sorteo p\u00fablico a trav\u00e9s del cual se asignaron futuros m\u00f3dulos habitacionales a familias (con y sin hijos), personas con discapacidad, personal policial y quienes poseen mayor antig\u00fcedad de inscripci\u00f3n. Con la participaci\u00f3n de m\u00e1s [&hellip;]<\/p>\n","protected":false},"author":1,"featured_media":15529,"comment_status":"closed","ping_status":"closed","sticky":false,"template":"","format":"standard","meta":{"footnotes":""},"categories":[6],"tags":[],"class_list":{"0":"post-15528","1":"post","2":"type-post","3":"status-publish","4":"format-standard","5":"has-post-thumbnail","7":"category-chaco"},"_links":{"self":[{"href":"https:\/\/chacosintesis.com.ar\/index.php\/wp-json\/wp\/v2\/posts\/15528","targetHints":{"allow":["GET"]}}],"collection":[{"href":"https:\/\/chacosintesis.com.ar\/index.php\/wp-json\/wp\/v2\/posts"}],"about":[{"href":"https:\/\/chacosintesis.com.ar\/index.php\/wp-json\/wp\/v2\/types\/post"}],"author":[{"embeddable":true,"href":"https:\/\/chacosintesis.com.ar\/index.php\/wp-json\/wp\/v2\/users\/1"}],"replies":[{"embeddable":true,"href":"https:\/\/chacosintesis.com.ar\/index.php\/wp-json\/wp\/v2\/comments?post=15528"}],"version-history":[{"count":0,"href":"https:\/\/chacosintesis.com.ar\/index.php\/wp-json\/wp\/v2\/posts\/15528\/revisions"}],"wp:featuredmedia":[{"embeddable":true,"href":"https:\/\/chacosintesis.com.ar\/index.php\/wp-json\/wp\/v2\/media\/15529"}],"wp:attachment":[{"href":"https:\/\/chacosintesis.com.ar\/index.php\/wp-json\/wp\/v2\/media?parent=15528"}],"wp:term":[{"taxonomy":"category","embeddable":true,"href":"https:\/\/chacosintesis.com.ar\/index.php\/wp-json\/wp\/v2\/categories?post=15528"},{"taxonomy":"post_tag","embeddable":true,"href":"https:\/\/chacosintesis.com.ar\/index.php\/wp-json\/wp\/v2\/tags?post=15528"}],"curies":[{"name":"wp","href":"https:\/\/api.w.org\/{rel}","templated":true}]}}