{"id":15524,"date":"2022-05-21T08:00:00","date_gmt":"2022-05-21T11:00:00","guid":{"rendered":"https:\/\/chacosintesis.com.ar\/?p=15524"},"modified":"2022-05-21T08:08:35","modified_gmt":"2022-05-21T11:08:35","slug":"celebracion-a-santa-rita-la-comunidad-catolica-regresa-a-los-festejos-presenciales","status":"publish","type":"post","link":"https:\/\/chacosintesis.com.ar\/index.php\/celebracion-a-santa-rita-la-comunidad-catolica-regresa-a-los-festejos-presenciales\/","title":{"rendered":"Celebraci\u00f3n a Santa Rita: la comunidad cat\u00f3lica regresa a los festejos presenciales"},"content":{"rendered":"<p>Desde este viernes 20 y hasta el domingo 22 habr\u00e1 motoristas, patrullas y jinetes de la Polic\u00eda del Chaco que recorrer\u00e1n la ciudad para garantizar la seguridad de las y los fieles y la organizaci\u00f3n. Conoc\u00e9 tambi\u00e9n el cronograma de actividades previstas para todas las jornadas y la disposici\u00f3n de puestos sanitarios y estacionamientos.<\/p>\n<p>La fe cat\u00f3lica rendir\u00e1 tributo este domingo 22 de mayo a Santa Rita de Casia, y como es tradici\u00f3n en el Chaco, la misa central de la Iglesia se llevar\u00e1 a cabo en la parroquia San Jos\u00e9 de Puerto Tirol.<br \/>\nCronograma de actividades<br \/>\nLas actividades, seg\u00fan informaron desde la parroquia San Fernando y Santo Cura Brochero comenzar\u00e1n el s\u00e1bado 21 de mayo a las 23, con el Rosario por la Vida.<br \/>\nLuego, el domingo 22 a la hora 0, se realizar\u00e1 la misa por la vida; a las 7, la misa por los peregrinos; y a las 9, la misa por los ancianos y enfermos.<br \/>\nYa en la tarde, a las 15.30 tendr\u00e1 lugar la procesi\u00f3n por las calles del pueblo; a las 17.30, la misa por las familias; a las 18.30, la misa por los j\u00f3venes; y a las 20, la misa por el pueblo. \u201cSanta Rita, ay\u00fadanos a ser una iglesia en camino de escucha, di\u00e1logo y encuentro\u201d, es el lema elegido para guiar las acciones festivas.<br \/>\nEl Gobierno Provincial acompa\u00f1a la actividad declarada de inter\u00e9s provincial a trav\u00e9s del Decreto 789\/2022. La Polic\u00eda del Chaco y la comisar\u00eda de la localidad realizar\u00e1n controles para garantizar la seguridad de las y los ciudadanos y peregrinos que arribar\u00e1n a la celebraci\u00f3n.<br \/>\nControles y desv\u00edos<br \/>\nUno de los desv\u00edos se encontrar\u00e1 en calle Salta y Sarmiento, otro por calle Toppano (Ex Ruta 16) y Pasaje Sin N\u00famero en el ingreso Villa Jal\u00f3n.<br \/>\nTambi\u00e9n, en la intersecci\u00f3n de la calle sin n\u00famero y Unit\u00e1n, en el acceso al barrio Altos de Villa Elena estar\u00e1 apostado un control. Otro de los desv\u00edos ser\u00e1 en el acceso a Puerto Tirol por ex Ruta N\u00b0 16 \u201cParaje Dellamea\u201d.<br \/>\nEstos controles, tendr\u00e1n como objetivo evitar el paso de veh\u00edculos hacia el casco c\u00e9ntrico de Tirol y solamente permitir\u00e1n el paso a pie. Salvo los residentes del lugar que se dirijan a su domicilio, a ellos los agentes le pedir\u00e1n el Documento Nacional de Identidad o identificaci\u00f3n. Asimismo, el personal de Caminera regularizar\u00e1 el tr\u00e1nsito en el ingreso por la Ruta Nacional 16.<br \/>\nEstacionamientos<br \/>\nUno estar\u00e1 ubicado a unos 2 kil\u00f3metros al ingreso principal de la ciudad, en el lugar conocido como \u201cLa Conejera\u201d, destinado para motos y autos.<br \/>\nEl colectivo interurbano \u201cTirol\u201d ingresar\u00e1 por calle Carlos Gardel y saldr\u00e1 por calle Espa\u00f1a y Quebracho.<br \/>\nPor otra parte, los colectivos de turismo tendr\u00e1n su estacionamiento por la calle Carlos Gardel comenzando de la esquina de calle Resistencia, girando por Julio Motter y toda la calle Espa\u00f1a hasta la calle Resistencia.<br \/>\nPuestos sanitarios<br \/>\nEl primer puesto sanitario estar\u00e1 ubicado en cercan\u00edas de la Gruta de San Jos\u00e9, entre las calles Espa\u00f1a y Buenos Aires. El segundo se encontrar\u00e1 frente a la Costanera de Puerto Tirol y el \u00faltimo en avenida Capit\u00e1n Solari y calle Independencia cerca de la estaci\u00f3n de servicio.<br \/>\nTambi\u00e9n, se encuentra el Hospital Dr. Oxley, en Julio A. Roca y Pasaje Corrientes de la ciudad.<br \/>\nPeregrinaci\u00f3n<br \/>\nTendr\u00e1 inicio cerca de las 15.30 del domingo en la Iglesia San Jos\u00e9, recorrer\u00e1n la calle Independencia, tomar\u00e1n la avenida Capit\u00e1n Solari, caminar\u00e1n por calle Jos\u00e9 Cozzarolo, Salta, desv\u00edan por calle Martiniano G\u00f3mez, luego por calle Formosa, seguir\u00e1n por avenida Del Trabajo y recorren la avenida 12 de octubre hasta llegar nuevamente al templo.<\/p>\n","protected":false},"excerpt":{"rendered":"<p>Desde este viernes 20 y hasta el domingo 22 habr\u00e1 motoristas, patrullas y jinetes de la Polic\u00eda del Chaco que recorrer\u00e1n la ciudad para garantizar la seguridad de las y los fieles y la organizaci\u00f3n. Conoc\u00e9 tambi\u00e9n el cronograma de actividades previstas para todas las jornadas y la disposici\u00f3n de puestos sanitarios y estacionamientos. La [&hellip;]<\/p>\n","protected":false},"author":1,"featured_media":15525,"comment_status":"closed","ping_status":"closed","sticky":false,"template":"","format":"standard","meta":{"footnotes":""},"categories":[6],"tags":[],"class_list":{"0":"post-15524","1":"post","2":"type-post","3":"status-publish","4":"format-standard","5":"has-post-thumbnail","7":"category-chaco"},"_links":{"self":[{"href":"https:\/\/chacosintesis.com.ar\/index.php\/wp-json\/wp\/v2\/posts\/15524","targetHints":{"allow":["GET"]}}],"collection":[{"href":"https:\/\/chacosintesis.com.ar\/index.php\/wp-json\/wp\/v2\/posts"}],"about":[{"href":"https:\/\/chacosintesis.com.ar\/index.php\/wp-json\/wp\/v2\/types\/post"}],"author":[{"embeddable":true,"href":"https:\/\/chacosintesis.com.ar\/index.php\/wp-json\/wp\/v2\/users\/1"}],"replies":[{"embeddable":true,"href":"https:\/\/chacosintesis.com.ar\/index.php\/wp-json\/wp\/v2\/comments?post=15524"}],"version-history":[{"count":0,"href":"https:\/\/chacosintesis.com.ar\/index.php\/wp-json\/wp\/v2\/posts\/15524\/revisions"}],"wp:featuredmedia":[{"embeddable":true,"href":"https:\/\/chacosintesis.com.ar\/index.php\/wp-json\/wp\/v2\/media\/15525"}],"wp:attachment":[{"href":"https:\/\/chacosintesis.com.ar\/index.php\/wp-json\/wp\/v2\/media?parent=15524"}],"wp:term":[{"taxonomy":"category","embeddable":true,"href":"https:\/\/chacosintesis.com.ar\/index.php\/wp-json\/wp\/v2\/categories?post=15524"},{"taxonomy":"post_tag","embeddable":true,"href":"https:\/\/chacosintesis.com.ar\/index.php\/wp-json\/wp\/v2\/tags?post=15524"}],"curies":[{"name":"wp","href":"https:\/\/api.w.org\/{rel}","templated":true}]}}