{"id":15511,"date":"2022-05-20T09:25:16","date_gmt":"2022-05-20T12:25:16","guid":{"rendered":"https:\/\/chacosintesis.com.ar\/?p=15511"},"modified":"2022-05-20T09:36:40","modified_gmt":"2022-05-20T12:36:40","slug":"peche-estamos-comprometidos-con-la-transformacion-que-necesita-nuestro-chaco","status":"publish","type":"post","link":"https:\/\/chacosintesis.com.ar\/index.php\/peche-estamos-comprometidos-con-la-transformacion-que-necesita-nuestro-chaco\/","title":{"rendered":"Peche: &#8220;Estamos comprometidos con la transformaci\u00f3n que necesita nuestro Chaco&#8221;"},"content":{"rendered":"<p>El presidente del interbloque de diputados de la UCR, Carim Peche, invita a participar del acto por el 28\u00b0 aniversario de Convergencia Social a realizarse este s\u00e1bado 21 de mayo a la hora 18 en la sede del club Central Norte de Resistencia.<\/p>\n<p>Al respecto Peche se\u00f1al\u00f3  \u201cConvergencia Social es un movimiento de bases humanistas, progresistas y populares que marc\u00f3 un antes y un despu\u00e9s en la historia pol\u00edtica del Chaco,  fuimos capaces de demostrar que hay otra manera de hacer pol\u00edtica, con honestidad, transparencia, orden, priorizando las necesidades de los chaque\u00f1os, nos toc\u00f3 gobernar en momentos cr\u00edticos del pa\u00eds,  sin embargo concretamos pol\u00edticas p\u00fablicas que todav\u00eda hoy son ejemplo, a 28 a\u00f1os de esa transformaci\u00f3n,  vemos con preocupaci\u00f3n el detrioro que han sufrido miles de chaque\u00f1os en su calidad de vida\u201d<\/p>\n<p>\u201cLa provincia necesita  un cambio urgente, quienes conformamos Convergencia Social, mujeres y hombres comprometidos con la transformaci\u00f3n que se necesita para volver a ser el Chaco de las oportunidades, la igualdad y la esperanza, este es el objetivo que nos convoca en este aniversario,   e invitamos a todos, sin importar de donde provengan, a ser parte de este gran desaf\u00edo que nos espera a partir del 2023\u201d.<\/p>\n","protected":false},"excerpt":{"rendered":"<p>El presidente del interbloque de diputados de la UCR, Carim Peche, invita a participar del acto por el 28\u00b0 aniversario de Convergencia Social a realizarse este s\u00e1bado 21 de mayo a la hora 18 en la sede del club Central Norte de Resistencia. Al respecto Peche se\u00f1al\u00f3 \u201cConvergencia Social es un movimiento de bases humanistas, [&hellip;]<\/p>\n","protected":false},"author":1,"featured_media":15512,"comment_status":"closed","ping_status":"closed","sticky":false,"template":"","format":"standard","meta":{"footnotes":""},"categories":[6],"tags":[],"class_list":{"0":"post-15511","1":"post","2":"type-post","3":"status-publish","4":"format-standard","5":"has-post-thumbnail","7":"category-chaco"},"_links":{"self":[{"href":"https:\/\/chacosintesis.com.ar\/index.php\/wp-json\/wp\/v2\/posts\/15511","targetHints":{"allow":["GET"]}}],"collection":[{"href":"https:\/\/chacosintesis.com.ar\/index.php\/wp-json\/wp\/v2\/posts"}],"about":[{"href":"https:\/\/chacosintesis.com.ar\/index.php\/wp-json\/wp\/v2\/types\/post"}],"author":[{"embeddable":true,"href":"https:\/\/chacosintesis.com.ar\/index.php\/wp-json\/wp\/v2\/users\/1"}],"replies":[{"embeddable":true,"href":"https:\/\/chacosintesis.com.ar\/index.php\/wp-json\/wp\/v2\/comments?post=15511"}],"version-history":[{"count":0,"href":"https:\/\/chacosintesis.com.ar\/index.php\/wp-json\/wp\/v2\/posts\/15511\/revisions"}],"wp:featuredmedia":[{"embeddable":true,"href":"https:\/\/chacosintesis.com.ar\/index.php\/wp-json\/wp\/v2\/media\/15512"}],"wp:attachment":[{"href":"https:\/\/chacosintesis.com.ar\/index.php\/wp-json\/wp\/v2\/media?parent=15511"}],"wp:term":[{"taxonomy":"category","embeddable":true,"href":"https:\/\/chacosintesis.com.ar\/index.php\/wp-json\/wp\/v2\/categories?post=15511"},{"taxonomy":"post_tag","embeddable":true,"href":"https:\/\/chacosintesis.com.ar\/index.php\/wp-json\/wp\/v2\/tags?post=15511"}],"curies":[{"name":"wp","href":"https:\/\/api.w.org\/{rel}","templated":true}]}}