{"id":15503,"date":"2022-05-19T11:36:23","date_gmt":"2022-05-19T14:36:23","guid":{"rendered":"https:\/\/chacosintesis.com.ar\/?p=15503"},"modified":"2022-05-19T11:38:35","modified_gmt":"2022-05-19T14:38:35","slug":"por-la-bajante-historica-del-parana-se-prorroga-la-emergencia-hidrica-por-180-dias","status":"publish","type":"post","link":"https:\/\/chacosintesis.com.ar\/index.php\/por-la-bajante-historica-del-parana-se-prorroga-la-emergencia-hidrica-por-180-dias\/","title":{"rendered":"Por la bajante hist\u00f3rica del Paran\u00e1, se prorroga la emergencia h\u00eddrica por 180 d\u00edas"},"content":{"rendered":"<p>El Gobierno prorrog\u00f3 el Estado de Emergencia H\u00eddrica por 180 d\u00edas corridos contados a partir de junio pr\u00f3ximo en aquellos sectores del territorio abarcado por la regi\u00f3n de la Cuenca del r\u00edo Paran\u00e1 por la hist\u00f3rica bajante que afecta a las provincias de Formosa, Chaco, Corrientes, Santa Fe, Entre R\u00edos, Misiones y Buenos Aires, sobre las m\u00e1rgenes de los r\u00edos Paran\u00e1, Paraguay e Iguaz\u00fa.<br \/>\nLo hizo a trav\u00e9s del decreto 261\/2022 publicado hoy en el Bolet\u00edn Oficial.<br \/>\nLa emergencia h\u00eddrica se declar\u00f3 originalmente 24 de julio de 2021, por 180 d\u00edas, y se prorrog\u00f3 el 10 de marzo \u00faltimo por 90 d\u00edas m\u00e1s.<br \/>\nEn esta oportunidad, el Gobierno consider\u00f3 que \u201csi bien se han atenuado los niveles de la bajante por efecto de lluvias puntuales y defluencias de las represas situadas en el \u00e1rea regulada de la Cuenca del Paran\u00e1, se contin\u00faan provocando afectaciones sobre el abastecimiento del agua potable, la navegaci\u00f3n y las operaciones de puerto\u201d.<br \/>\nAsimismo, tambi\u00e9n hay dificultades con \u201cla generaci\u00f3n de energ\u00eda hidroel\u00e9ctrica, el abastecimiento de combustibles y las actividades econ\u00f3micas vinculadas con la explotaci\u00f3n de la cuenca conformada por los r\u00edos Paran\u00e1, Paraguay e Iguaz\u00fa\u201d.<br \/>\nEl decreto tambi\u00e9n estableci\u00f3 la continuidad de las distintas medidas adoptadas hace un a\u00f1o atr\u00e1s cuando se declar\u00f3 la emergencia.<br \/>\nAs\u00ed, los ministerios de Desarrollo Productivo y de Trabajo continuar\u00e1n con las acciones pertinentes para la preservaci\u00f3n de la actividad productiva y puestos de trabajo; el de Obras P\u00fablicas, con la realizaci\u00f3n de obras de infraestructura; el de Seguridad, a trav\u00e9s del Sistema Nacional de Alerta Temprana y Monitoreo de Emergencias (Siname), con el apoyo y toma de decisiones, y por intermedio del Sistema Nacional para la Gesti\u00f3n Integral del Riesgo (Sinagir), la asistencia a las poblaciones ribere\u00f1as.<br \/>\nPor su parte, el Ministerio de Ambiente y Desarrollo Sustentable mantendr\u00e1 el control de incendios; el de Transporte seguir\u00e1 observando las posibilidades de navegaci\u00f3n y acceso a puertos; el Instituto Nacional del Agua brindar\u00e1 sus servicios t\u00e9cnicos en relaci\u00f3n con la emergencia; la Secretar\u00eda de Energ\u00eda asegurar\u00e1 el abastecimiento de energ\u00eda el\u00e9ctrica y el Ministerio del Interior se encargar\u00e1 de la coordinaci\u00f3n con las provincias afectadas.<br \/>\nAdem\u00e1s, el Banco Naci\u00f3n y la AFIP mantendr\u00e1n la asistencia en materia crediticia e impositiva, respectivamente; y contin\u00faa la suspensi\u00f3n de plazos administrativos en las regiones afectadas.<\/p>\n","protected":false},"excerpt":{"rendered":"<p>El Gobierno prorrog\u00f3 el Estado de Emergencia H\u00eddrica por 180 d\u00edas corridos contados a partir de junio pr\u00f3ximo en aquellos sectores del territorio abarcado por la regi\u00f3n de la Cuenca del r\u00edo Paran\u00e1 por la hist\u00f3rica bajante que afecta a las provincias de Formosa, Chaco, Corrientes, Santa Fe, Entre R\u00edos, Misiones y Buenos Aires, sobre [&hellip;]<\/p>\n","protected":false},"author":1,"featured_media":15504,"comment_status":"closed","ping_status":"closed","sticky":false,"template":"","format":"standard","meta":{"footnotes":""},"categories":[6],"tags":[],"class_list":{"0":"post-15503","1":"post","2":"type-post","3":"status-publish","4":"format-standard","5":"has-post-thumbnail","7":"category-chaco"},"_links":{"self":[{"href":"https:\/\/chacosintesis.com.ar\/index.php\/wp-json\/wp\/v2\/posts\/15503","targetHints":{"allow":["GET"]}}],"collection":[{"href":"https:\/\/chacosintesis.com.ar\/index.php\/wp-json\/wp\/v2\/posts"}],"about":[{"href":"https:\/\/chacosintesis.com.ar\/index.php\/wp-json\/wp\/v2\/types\/post"}],"author":[{"embeddable":true,"href":"https:\/\/chacosintesis.com.ar\/index.php\/wp-json\/wp\/v2\/users\/1"}],"replies":[{"embeddable":true,"href":"https:\/\/chacosintesis.com.ar\/index.php\/wp-json\/wp\/v2\/comments?post=15503"}],"version-history":[{"count":0,"href":"https:\/\/chacosintesis.com.ar\/index.php\/wp-json\/wp\/v2\/posts\/15503\/revisions"}],"wp:featuredmedia":[{"embeddable":true,"href":"https:\/\/chacosintesis.com.ar\/index.php\/wp-json\/wp\/v2\/media\/15504"}],"wp:attachment":[{"href":"https:\/\/chacosintesis.com.ar\/index.php\/wp-json\/wp\/v2\/media?parent=15503"}],"wp:term":[{"taxonomy":"category","embeddable":true,"href":"https:\/\/chacosintesis.com.ar\/index.php\/wp-json\/wp\/v2\/categories?post=15503"},{"taxonomy":"post_tag","embeddable":true,"href":"https:\/\/chacosintesis.com.ar\/index.php\/wp-json\/wp\/v2\/tags?post=15503"}],"curies":[{"name":"wp","href":"https:\/\/api.w.org\/{rel}","templated":true}]}}