{"id":15483,"date":"2022-05-18T20:06:54","date_gmt":"2022-05-18T23:06:54","guid":{"rendered":"https:\/\/chacosintesis.com.ar\/?p=15483"},"modified":"2022-05-18T20:08:55","modified_gmt":"2022-05-18T23:08:55","slug":"la-uta-levanta-el-paro-de-colectivos-y-exige-que-las-restantes-partes-cumplan-los-compromisos","status":"publish","type":"post","link":"https:\/\/chacosintesis.com.ar\/index.php\/la-uta-levanta-el-paro-de-colectivos-y-exige-que-las-restantes-partes-cumplan-los-compromisos\/","title":{"rendered":"La UTA levanta el paro de colectivos y exige que las restantes partes &#8220;cumplan los compromisos&#8221;"},"content":{"rendered":"<p>El gremio que lidera Roberto Fern\u00e1ndez sosten\u00eda una medida de fuerza en el interior del pa\u00eds, y aguarda una reuni\u00f3n con las autoridades del Ministerio de Transporte de la Naci\u00f3n, requerida para este jueves a las 13.<\/p>\n<p>La Uni\u00f3n Tranviarios Automotor (UTA) confirm\u00f3 que fue suscripto el acuerdo salarial para los trabajadores del transporte de pasajeros de corta y media distancia del interior, con la Federaci\u00f3n Argentina de Transportadores por Automotor de Pasajeros (FATAP), de modo que queda suspendido el paro anunciado para jueves y viernes, que completar\u00eda las 72 horas iniciadas el pasado martes.<br \/>\nEl documento rubricado fue ingresado \u2013seg\u00fan inform\u00f3 en un comunicado- de manera virtual ante el Ministerio de Trabajo de la Naci\u00f3n en la fecha.<br \/>\nAsimismo, el sindicato solicit\u00f3 a la cartera laboral una audiencia urgente para el jueves a las 13, para la ratificaci\u00f3n de las posiciones en torno a las cuales se ha alcanzado el acuerdo, requiriendo la convocatoria a referentes del Comit\u00e9 Federal del Transporte, y autoridades del Ministerio de Transporte de la Naci\u00f3n.<br \/>\n\u201cConforme todo ello, informamos la suspensi\u00f3n de las medidas de acci\u00f3n gremial dispuestas, exigiendo el cumplimiento de los compromisos asumidos en tiempo y forma, por parte de las autoridades de Transporte, tanto nacionales como de las distintas jurisdicciones del interior del pa\u00eds\u201d, resalt\u00f3 el gremio.<br \/>\nLa UTA hab\u00eda lanzado la medida en reclamo por una equiparaci\u00f3n de los sueldos que perciben los trabajadores del interior con los del AMBA, una demanda cuya satisfacci\u00f3n est\u00e1 atada al r\u00e9gimen de subsidios que recibe el sector, como compensaci\u00f3n para que los empresarios no aumenten los pasajes al mismo ritmo de la inflaci\u00f3n.<\/p>\n","protected":false},"excerpt":{"rendered":"<p>El gremio que lidera Roberto Fern\u00e1ndez sosten\u00eda una medida de fuerza en el interior del pa\u00eds, y aguarda una reuni\u00f3n con las autoridades del Ministerio de Transporte de la Naci\u00f3n, requerida para este jueves a las 13. La Uni\u00f3n Tranviarios Automotor (UTA) confirm\u00f3 que fue suscripto el acuerdo salarial para los trabajadores del transporte de [&hellip;]<\/p>\n","protected":false},"author":1,"featured_media":15484,"comment_status":"closed","ping_status":"closed","sticky":false,"template":"","format":"standard","meta":{"footnotes":""},"categories":[6],"tags":[],"class_list":{"0":"post-15483","1":"post","2":"type-post","3":"status-publish","4":"format-standard","5":"has-post-thumbnail","7":"category-chaco"},"_links":{"self":[{"href":"https:\/\/chacosintesis.com.ar\/index.php\/wp-json\/wp\/v2\/posts\/15483","targetHints":{"allow":["GET"]}}],"collection":[{"href":"https:\/\/chacosintesis.com.ar\/index.php\/wp-json\/wp\/v2\/posts"}],"about":[{"href":"https:\/\/chacosintesis.com.ar\/index.php\/wp-json\/wp\/v2\/types\/post"}],"author":[{"embeddable":true,"href":"https:\/\/chacosintesis.com.ar\/index.php\/wp-json\/wp\/v2\/users\/1"}],"replies":[{"embeddable":true,"href":"https:\/\/chacosintesis.com.ar\/index.php\/wp-json\/wp\/v2\/comments?post=15483"}],"version-history":[{"count":0,"href":"https:\/\/chacosintesis.com.ar\/index.php\/wp-json\/wp\/v2\/posts\/15483\/revisions"}],"wp:featuredmedia":[{"embeddable":true,"href":"https:\/\/chacosintesis.com.ar\/index.php\/wp-json\/wp\/v2\/media\/15484"}],"wp:attachment":[{"href":"https:\/\/chacosintesis.com.ar\/index.php\/wp-json\/wp\/v2\/media?parent=15483"}],"wp:term":[{"taxonomy":"category","embeddable":true,"href":"https:\/\/chacosintesis.com.ar\/index.php\/wp-json\/wp\/v2\/categories?post=15483"},{"taxonomy":"post_tag","embeddable":true,"href":"https:\/\/chacosintesis.com.ar\/index.php\/wp-json\/wp\/v2\/tags?post=15483"}],"curies":[{"name":"wp","href":"https:\/\/api.w.org\/{rel}","templated":true}]}}