{"id":15463,"date":"2022-05-17T16:46:16","date_gmt":"2022-05-17T19:46:16","guid":{"rendered":"https:\/\/chacosintesis.com.ar\/?p=15463"},"modified":"2022-05-17T17:07:21","modified_gmt":"2022-05-17T20:07:21","slug":"voraz-incendio-en-un-taller-de-villa-angela-consumio-una-camioneta","status":"publish","type":"post","link":"https:\/\/chacosintesis.com.ar\/index.php\/voraz-incendio-en-un-taller-de-villa-angela-consumio-una-camioneta\/","title":{"rendered":"Voraz incendio en un taller de Villa \u00c1ngela consumi\u00f3 una camioneta"},"content":{"rendered":"<p>Cerca de las 3:30 de este martes, un incendio en un taller ubicado en la intersecci\u00f3n de Padre M\u00fcller y calle 9, puso en vilo a la localidad de Villa \u00c1ngela, sin embargo, no se reportaron m\u00e1s que da\u00f1os materiales.<\/p>\n<p>El hecho fue informado por la Polic\u00eda, quienes indicaron que tras ser alertados acudieron al lugar del hecho, donde constataron que el fuego proven\u00eda de una camioneta. Posteriormente lleg\u00f3 el personal de Bomberos, quienes extinguieron las llamas.<\/p>\n<p>Relataron, adem\u00e1s, que un hombre de 55 a\u00f1os se present\u00f3 como propietario del lugar, explicaron que \u201cdesconoc\u00eda el motivo que origin\u00f3 e incendio\u201d, en tanto que no se registraron lesionados.<\/p>\n","protected":false},"excerpt":{"rendered":"<p>Cerca de las 3:30 de este martes, un incendio en un taller ubicado en la intersecci\u00f3n de Padre M\u00fcller y calle 9, puso en vilo a la localidad de Villa \u00c1ngela, sin embargo, no se reportaron m\u00e1s que da\u00f1os materiales. El hecho fue informado por la Polic\u00eda, quienes indicaron que tras ser alertados acudieron al [&hellip;]<\/p>\n","protected":false},"author":1,"featured_media":15464,"comment_status":"closed","ping_status":"closed","sticky":false,"template":"","format":"standard","meta":{"footnotes":""},"categories":[6],"tags":[],"class_list":{"0":"post-15463","1":"post","2":"type-post","3":"status-publish","4":"format-standard","5":"has-post-thumbnail","7":"category-chaco"},"_links":{"self":[{"href":"https:\/\/chacosintesis.com.ar\/index.php\/wp-json\/wp\/v2\/posts\/15463","targetHints":{"allow":["GET"]}}],"collection":[{"href":"https:\/\/chacosintesis.com.ar\/index.php\/wp-json\/wp\/v2\/posts"}],"about":[{"href":"https:\/\/chacosintesis.com.ar\/index.php\/wp-json\/wp\/v2\/types\/post"}],"author":[{"embeddable":true,"href":"https:\/\/chacosintesis.com.ar\/index.php\/wp-json\/wp\/v2\/users\/1"}],"replies":[{"embeddable":true,"href":"https:\/\/chacosintesis.com.ar\/index.php\/wp-json\/wp\/v2\/comments?post=15463"}],"version-history":[{"count":0,"href":"https:\/\/chacosintesis.com.ar\/index.php\/wp-json\/wp\/v2\/posts\/15463\/revisions"}],"wp:featuredmedia":[{"embeddable":true,"href":"https:\/\/chacosintesis.com.ar\/index.php\/wp-json\/wp\/v2\/media\/15464"}],"wp:attachment":[{"href":"https:\/\/chacosintesis.com.ar\/index.php\/wp-json\/wp\/v2\/media?parent=15463"}],"wp:term":[{"taxonomy":"category","embeddable":true,"href":"https:\/\/chacosintesis.com.ar\/index.php\/wp-json\/wp\/v2\/categories?post=15463"},{"taxonomy":"post_tag","embeddable":true,"href":"https:\/\/chacosintesis.com.ar\/index.php\/wp-json\/wp\/v2\/tags?post=15463"}],"curies":[{"name":"wp","href":"https:\/\/api.w.org\/{rel}","templated":true}]}}