{"id":15458,"date":"2022-05-17T10:57:43","date_gmt":"2022-05-17T13:57:43","guid":{"rendered":"https:\/\/chacosintesis.com.ar\/?p=15458"},"modified":"2022-05-17T11:08:46","modified_gmt":"2022-05-17T14:08:46","slug":"puerto-tirol-sede-de-la-tradicional-celebracion-de-santa-rita-este-domingo","status":"publish","type":"post","link":"https:\/\/chacosintesis.com.ar\/index.php\/puerto-tirol-sede-de-la-tradicional-celebracion-de-santa-rita-este-domingo\/","title":{"rendered":"Puerto Tirol, sede de la tradicional celebraci\u00f3n de Santa Rita este domingo"},"content":{"rendered":"<p>La fe cat\u00f3lica rendir\u00e1 tributo este domingo 22 de mayo a Santa Rita de Casia, y como es tradici\u00f3n en el Chaco, la misa central de la Iglesia se llevar\u00e1 a cabo en la parroquia San Jos\u00e9 de Puerto Tirol.<br \/>\nLas actividades, seg\u00fan informaron desde la parroquia San Fernando y Santo Cura Brochero comenzar\u00e1n el s\u00e1bado 21 de mayo a las 23 con el Rosario por la Vida.<br \/>\nLuego, el domingo 22 a la hora cero se realizar\u00e1 la misa por la vida; a las 7, la misa por los peregrinos; y a las 9, la misa por los ancianos y enfermos.<br \/>\nYa en la tarde, a las 15.30 tendr\u00e1 lugar la procesi\u00f3n por las calles del pueblo; a las 17.30, la misa por las familias; a las 18.30, la misa por los j\u00f3venes; y a las 20, la misa por el pueblo.<br \/>\n\u201cSanta Rita, ay\u00fadanos a ser una iglesia en camino de escucha, di\u00e1logo y encuentro\u201d, es el lema elegido para guiar las acciones festivas.<br \/>\nAsimismo, el gobierno provincial acompa\u00f1a la actividad declarada de inter\u00e9s provincial a trav\u00e9s del decreto 789\/2022.<br \/>\nDesde el municipio de Puerto Tiroll hab\u00edan manifestado el \u00faltimo 10 de mayo, que se trabajaba con diferentes sectores para asegurar las condiciones para la realizaci\u00f3n del evento y recibir cerca de 100.000 peregrinas y peregrinos de todo el pa\u00eds.<br \/>\nLa Polic\u00eda del Chaco y la comisar\u00eda de la localidad realizar\u00e1n controles para garantizar la seguridad de las y los ciudadanos y peregrinos que arribar\u00e1n a la celebraci\u00f3n.<\/p>\n","protected":false},"excerpt":{"rendered":"<p>La fe cat\u00f3lica rendir\u00e1 tributo este domingo 22 de mayo a Santa Rita de Casia, y como es tradici\u00f3n en el Chaco, la misa central de la Iglesia se llevar\u00e1 a cabo en la parroquia San Jos\u00e9 de Puerto Tirol. Las actividades, seg\u00fan informaron desde la parroquia San Fernando y Santo Cura Brochero comenzar\u00e1n el [&hellip;]<\/p>\n","protected":false},"author":1,"featured_media":15459,"comment_status":"closed","ping_status":"closed","sticky":false,"template":"","format":"standard","meta":{"footnotes":""},"categories":[6],"tags":[],"class_list":{"0":"post-15458","1":"post","2":"type-post","3":"status-publish","4":"format-standard","5":"has-post-thumbnail","7":"category-chaco"},"_links":{"self":[{"href":"https:\/\/chacosintesis.com.ar\/index.php\/wp-json\/wp\/v2\/posts\/15458","targetHints":{"allow":["GET"]}}],"collection":[{"href":"https:\/\/chacosintesis.com.ar\/index.php\/wp-json\/wp\/v2\/posts"}],"about":[{"href":"https:\/\/chacosintesis.com.ar\/index.php\/wp-json\/wp\/v2\/types\/post"}],"author":[{"embeddable":true,"href":"https:\/\/chacosintesis.com.ar\/index.php\/wp-json\/wp\/v2\/users\/1"}],"replies":[{"embeddable":true,"href":"https:\/\/chacosintesis.com.ar\/index.php\/wp-json\/wp\/v2\/comments?post=15458"}],"version-history":[{"count":0,"href":"https:\/\/chacosintesis.com.ar\/index.php\/wp-json\/wp\/v2\/posts\/15458\/revisions"}],"wp:featuredmedia":[{"embeddable":true,"href":"https:\/\/chacosintesis.com.ar\/index.php\/wp-json\/wp\/v2\/media\/15459"}],"wp:attachment":[{"href":"https:\/\/chacosintesis.com.ar\/index.php\/wp-json\/wp\/v2\/media?parent=15458"}],"wp:term":[{"taxonomy":"category","embeddable":true,"href":"https:\/\/chacosintesis.com.ar\/index.php\/wp-json\/wp\/v2\/categories?post=15458"},{"taxonomy":"post_tag","embeddable":true,"href":"https:\/\/chacosintesis.com.ar\/index.php\/wp-json\/wp\/v2\/tags?post=15458"}],"curies":[{"name":"wp","href":"https:\/\/api.w.org\/{rel}","templated":true}]}}