{"id":15454,"date":"2022-05-16T21:52:22","date_gmt":"2022-05-17T00:52:22","guid":{"rendered":"https:\/\/chacosintesis.com.ar\/?p=15454"},"modified":"2022-05-16T22:08:43","modified_gmt":"2022-05-17T01:08:43","slug":"el-miercoles-18-no-habra-clases-ni-actividad-en-la-administracion-publica-chaquena","status":"publish","type":"post","link":"https:\/\/chacosintesis.com.ar\/index.php\/el-miercoles-18-no-habra-clases-ni-actividad-en-la-administracion-publica-chaquena\/","title":{"rendered":"El mi\u00e9rcoles 18 no habr\u00e1 clases ni actividad en la administraci\u00f3n p\u00fablica chaque\u00f1a"},"content":{"rendered":"<p>La fecha se reviste como feriado nacional, siguiendo los lineamientos de la Ley N\u00b0 24.254 y en virtud de un nuevo censo poblacional. La medida alcanza a todos los niveles educativos y de la administraci\u00f3n p\u00fablica.<br \/>\n El Gobierno provincial informa que este mi\u00e9rcoles 18 de mayo, en virtud de la realizaci\u00f3n del Censo Nacional de Poblaci\u00f3n, Hogares y Viviendas, no habr\u00e1 actividad en la administraci\u00f3n p\u00fablica provincial. La medida incluye al sistema educativo, y no habr\u00e1 clases en todos los niveles.<br \/>\nLa fecha, se reviste como feriado nacional, de conformidad y con los alcances establecidos en la Ley N\u00b0 24.254. Este car\u00e1cter se desprende del Decreto Nacional 42\/2022, que instrumenta la disposici\u00f3n del censo requerido por el Instituto Nacional de Estad\u00edstica y Censos (INDEC), organismo desconcentrado en la \u00f3rbita del Ministerio de Econom\u00eda en los t\u00e9rminos del art\u00edculo 14 y concordantes del Decreto N\u00b0 726\/20.<br \/>\nA su vez, el Decreto N\u00b0 3110, reglamentario de la Ley N\u00b0 17.622, prev\u00e9 la realizaci\u00f3n de censos nacionales de poblaci\u00f3n, familias y vivienda con una periodicidad decenal, en los a\u00f1os terminados en \u201ccero\u201d. En este contexto, y en virtud de la pandemia declarada por la Organizaci\u00f3n Mundial de la Salud (OMS) en 2020, el mismo se realizar\u00e1 en este a\u00f1o 2022.<\/p>\n","protected":false},"excerpt":{"rendered":"<p>La fecha se reviste como feriado nacional, siguiendo los lineamientos de la Ley N\u00b0 24.254 y en virtud de un nuevo censo poblacional. La medida alcanza a todos los niveles educativos y de la administraci\u00f3n p\u00fablica. El Gobierno provincial informa que este mi\u00e9rcoles 18 de mayo, en virtud de la realizaci\u00f3n del Censo Nacional de [&hellip;]<\/p>\n","protected":false},"author":1,"featured_media":15455,"comment_status":"closed","ping_status":"closed","sticky":false,"template":"","format":"standard","meta":{"footnotes":""},"categories":[6],"tags":[197],"class_list":{"0":"post-15454","1":"post","2":"type-post","3":"status-publish","4":"format-standard","5":"has-post-thumbnail","7":"category-chaco","8":"tag-destacada"},"_links":{"self":[{"href":"https:\/\/chacosintesis.com.ar\/index.php\/wp-json\/wp\/v2\/posts\/15454","targetHints":{"allow":["GET"]}}],"collection":[{"href":"https:\/\/chacosintesis.com.ar\/index.php\/wp-json\/wp\/v2\/posts"}],"about":[{"href":"https:\/\/chacosintesis.com.ar\/index.php\/wp-json\/wp\/v2\/types\/post"}],"author":[{"embeddable":true,"href":"https:\/\/chacosintesis.com.ar\/index.php\/wp-json\/wp\/v2\/users\/1"}],"replies":[{"embeddable":true,"href":"https:\/\/chacosintesis.com.ar\/index.php\/wp-json\/wp\/v2\/comments?post=15454"}],"version-history":[{"count":0,"href":"https:\/\/chacosintesis.com.ar\/index.php\/wp-json\/wp\/v2\/posts\/15454\/revisions"}],"wp:featuredmedia":[{"embeddable":true,"href":"https:\/\/chacosintesis.com.ar\/index.php\/wp-json\/wp\/v2\/media\/15455"}],"wp:attachment":[{"href":"https:\/\/chacosintesis.com.ar\/index.php\/wp-json\/wp\/v2\/media?parent=15454"}],"wp:term":[{"taxonomy":"category","embeddable":true,"href":"https:\/\/chacosintesis.com.ar\/index.php\/wp-json\/wp\/v2\/categories?post=15454"},{"taxonomy":"post_tag","embeddable":true,"href":"https:\/\/chacosintesis.com.ar\/index.php\/wp-json\/wp\/v2\/tags?post=15454"}],"curies":[{"name":"wp","href":"https:\/\/api.w.org\/{rel}","templated":true}]}}