{"id":15452,"date":"2022-05-16T21:49:18","date_gmt":"2022-05-17T00:49:18","guid":{"rendered":"https:\/\/chacosintesis.com.ar\/?p=15452"},"modified":"2022-05-16T22:08:43","modified_gmt":"2022-05-17T01:08:43","slug":"empleado-infiel-fue-detenido-por-robar-dinero-de-su-trabajo","status":"publish","type":"post","link":"https:\/\/chacosintesis.com.ar\/index.php\/empleado-infiel-fue-detenido-por-robar-dinero-de-su-trabajo\/","title":{"rendered":"Empleado infiel fue detenido por robar dinero de su trabajo"},"content":{"rendered":"<p>Lo descubrieron por las c\u00e1maras, lo rastrearon y lo pusieron a disposici\u00f3n de la justicia.<br \/>\nEn la investigaci\u00f3n intervino la Divisi\u00f3n Delitos Contra la Propiedad. El denunciante aport\u00f3 los registros de las c\u00e1maras de seguridad, los agentes lo identificaron y hoy lograron su aprehensi\u00f3n.<br \/>\n El hurto fue denunciado por el due\u00f1o del local comercial &#8220;La Chimenea&#8221;, el ciudadano de 68 a\u00f1os inform\u00f3 que uno de los empleados se habr\u00eda llevado alrededor de 75 mil pesos de la caja registradora. Los agentes comenzaron con las investigaciones para detener al involucrado, vieron las filmaciones el d\u00eda que ocurri\u00f3 el hecho e identificaron a un sujeto en el momento justo que tom\u00f3 el dinero.<br \/>\n Con la informaci\u00f3n revelada, y otros m\u00e9todos investigativos establecieron el lugar donde buscar al involucrado, cerca del mediod\u00eda lograron su detenci\u00f3n. Se trataba de un hombre de 34 a\u00f1os.<\/p>\n<p>Fue conducido a la dependencia policial y la Fiscal\u00eda en turno dispuso su aprehensi\u00f3n en la causa Supuesto Hurto.<\/p>\n","protected":false},"excerpt":{"rendered":"<p>Lo descubrieron por las c\u00e1maras, lo rastrearon y lo pusieron a disposici\u00f3n de la justicia. En la investigaci\u00f3n intervino la Divisi\u00f3n Delitos Contra la Propiedad. El denunciante aport\u00f3 los registros de las c\u00e1maras de seguridad, los agentes lo identificaron y hoy lograron su aprehensi\u00f3n. El hurto fue denunciado por el due\u00f1o del local comercial &#8220;La [&hellip;]<\/p>\n","protected":false},"author":1,"featured_media":15453,"comment_status":"closed","ping_status":"closed","sticky":false,"template":"","format":"standard","meta":{"footnotes":""},"categories":[6],"tags":[],"class_list":{"0":"post-15452","1":"post","2":"type-post","3":"status-publish","4":"format-standard","5":"has-post-thumbnail","7":"category-chaco"},"_links":{"self":[{"href":"https:\/\/chacosintesis.com.ar\/index.php\/wp-json\/wp\/v2\/posts\/15452","targetHints":{"allow":["GET"]}}],"collection":[{"href":"https:\/\/chacosintesis.com.ar\/index.php\/wp-json\/wp\/v2\/posts"}],"about":[{"href":"https:\/\/chacosintesis.com.ar\/index.php\/wp-json\/wp\/v2\/types\/post"}],"author":[{"embeddable":true,"href":"https:\/\/chacosintesis.com.ar\/index.php\/wp-json\/wp\/v2\/users\/1"}],"replies":[{"embeddable":true,"href":"https:\/\/chacosintesis.com.ar\/index.php\/wp-json\/wp\/v2\/comments?post=15452"}],"version-history":[{"count":0,"href":"https:\/\/chacosintesis.com.ar\/index.php\/wp-json\/wp\/v2\/posts\/15452\/revisions"}],"wp:featuredmedia":[{"embeddable":true,"href":"https:\/\/chacosintesis.com.ar\/index.php\/wp-json\/wp\/v2\/media\/15453"}],"wp:attachment":[{"href":"https:\/\/chacosintesis.com.ar\/index.php\/wp-json\/wp\/v2\/media?parent=15452"}],"wp:term":[{"taxonomy":"category","embeddable":true,"href":"https:\/\/chacosintesis.com.ar\/index.php\/wp-json\/wp\/v2\/categories?post=15452"},{"taxonomy":"post_tag","embeddable":true,"href":"https:\/\/chacosintesis.com.ar\/index.php\/wp-json\/wp\/v2\/tags?post=15452"}],"curies":[{"name":"wp","href":"https:\/\/api.w.org\/{rel}","templated":true}]}}