{"id":15416,"date":"2022-05-15T00:45:17","date_gmt":"2022-05-15T03:45:17","guid":{"rendered":"https:\/\/chacosintesis.com.ar\/?p=15416"},"modified":"2022-05-15T01:06:55","modified_gmt":"2022-05-15T04:06:55","slug":"lanzaron-plan-fines-2022-para-garantizar-la-terminalidad-educativa-de-jovenes-y-adultos","status":"publish","type":"post","link":"https:\/\/chacosintesis.com.ar\/index.php\/lanzaron-plan-fines-2022-para-garantizar-la-terminalidad-educativa-de-jovenes-y-adultos\/","title":{"rendered":"Lanzaron \u201cPlan Fines 2022\u201d para garantizar la terminalidad educativa de j\u00f3venes y adultos"},"content":{"rendered":"<p>La iniciativa permite que mayores de 18 a\u00f1os finalicen los estudios primarios y secundarios de manera gratuita. Este lunes 16 de mayo comenzar\u00e1n las clases.<br \/>\n El ministro de Educaci\u00f3n, Cultura, Ciencia y Tecnolog\u00eda de la Provincia, Aldo Lineras, encabez\u00f3 este s\u00e1bado, desde el Centro Cultural del Barrio \u00cdtalo Argentino de Resistencia, el lanzamiento de Plan FinEs 2022, una iniciativa de alcance nacional que permite que j\u00f3venes -mayores de 18 a\u00f1os- y adultos finalicen los estudios primarios y secundarios.<br \/>\nEn el corriente a\u00f1o, la iniciativa cuenta con 93 sedes habilitadas \u2013lugares donde se dictan las clases- en toda la provincia y 13.200 personas inscriptas que desean finalizar sus estudios, de manera gratuita. Este lunes 16 de mayo comenzar\u00e1n las clases.<br \/>\nLa finalizaci\u00f3n de estudios secundarios de personas j\u00f3venes y adultas se conforma como un objetivo educativo, social, pol\u00edtico y cultural prioritario en el marco de lo prescripto por las leyes de Educaci\u00f3n Nacional y Provincial; objetivo que se concreta mediante la aplicaci\u00f3n de este plan en todo el Chaco. Aumentar sustancialmente el nivel educativo de los y las chaque\u00f1os y chaque\u00f1as, a trav\u00e9s de esta propuesta, resulta fundamental para garantizar una inclusi\u00f3n social m\u00e1s democr\u00e1tica.<br \/>\nEl ministro Aldo Lineras destac\u00f3 que el espacio pol\u00edtico al que pertenece desde siempre lleva adelante una pol\u00edtica de inclusi\u00f3n educativa, se\u00f1alando que esto permite que en los \u00faltimos a\u00f1os en promedio un 93% de las ni\u00f1as y los ni\u00f1os terminen el nivel primario. Respecto al nivel secundario, reconoci\u00f3 que hist\u00f3ricamente tiene un alto nivel de abandono o deserci\u00f3n escolar, ya que \u201ccerca de un 50% de los y las estudiantes no termina la secundaria\u201d, y consider\u00f3 que no es casualidad que haya m\u00e1s de 13 mil inscriptos en el Plan FinEs, ya que son personas que necesitan finalizar sus estudios, que no se sintieron contenidos por la escuela, y que quieren obtener el t\u00edtulo secundario obligatorio para poder trabajar o para estudiar un nivel superior.<br \/>\n\u201cNosotros, adem\u00e1s de incluir, tenemos que hacerlo con calidad; para eso debemos democratizar el conocimiento\u201d, afirm\u00f3 el ministro, se\u00f1alando que se debe trabajar para garantizar real igualdad de oportunidades de estudiar tanto en la zona urbana de Resistencia como en cualquier lugar del territorio provincial.<br \/>\nPara ello, destac\u00f3 que hay un Estado presente para sostener esta pol\u00edtica, y luego de dos a\u00f1os de pandemia, fortalecer las l\u00edneas de acci\u00f3n para garantizar la educaci\u00f3n para todos y todas, brindar la posibilidad de la formaci\u00f3n t\u00e9cnico profesional para que las personas adultas se formen en oficios o realicen una carrera superior o que formen parte de la reactivaci\u00f3n del sistema productivo, para que no necesiten solo la asistencia del Estado y que puedan desenvolverse por sus propios medios para lograr una sociedad m\u00e1s igualitaria.<br \/>\nLa subsecretaria de Educaci\u00f3n, Ludmila Pellegrini, destac\u00f3 que este programa, &#8220;que ofrece la flexibilidad para que el estudiante adulto, que tiene una vida como padre, madre, trabajo y diversa tareas que cumplir, pueda acceder a terminar sus estudios, habla de un Estado presente y una pol\u00edtica p\u00fablica que est\u00e1 al alcance de todos y todas&#8221;, y garantiza el acompa\u00f1amiento de la cartera educativa para que los y las estudiantes de FinEs puedan desarrollarse y alcanzar su t\u00edtulo.<br \/>\nPor su parte, Luid Robles, coordinador del Plan FinEs en Chaco, asegur\u00f3 que este programa representa &#8220;la posibilidad de construir una sociedad m\u00e1s justa, que brinde esa alternativa de lograr que aquellos ciudadanos que por diversos motivos de la vida no pudieron completar sus estudios en el momento que correspond\u00eda puedan hacerlo de adultos&#8221;.<br \/>\nFinalmente, Griselda Mor\u00e9, directora de Educaci\u00f3n de J\u00f3venes y Adultos, dese\u00f3 los mayores \u00e9xitos a las y los estudiantes, y manifest\u00f3 su admiraci\u00f3n por las personas que deciden estudiar a trav\u00e9s de FinEs, &#8220;porque estudiar cuando uno es grande representa un esfuerzo mucho mayor que cuando se es ni\u00f1o&#8221;, En sinton\u00eda con el ministro, ratific\u00f3 que estas pol\u00edticas de Estado &#8220;son propias de un gobierno nacional y popular que brinda todas las herramientas&#8221; para que los ciudadanos y ciudadanas &#8220;tengan mejores posibilidades en el acceso a puestos laborales, o bien puedan continuar estudios superiores&#8221;.<br \/>\nAcerca del Programa FinEs<br \/>\nFinEs permite a toda persona mayor de 18 a\u00f1os iniciar o finalizar sus estudios secundarios y primarios.<br \/>\nSe accede al mismo a trav\u00e9s de las sedes del plan, conformadas en organismos p\u00fablicos nacionales, provinciales o municipales, sindicatos, empresas, fundaciones, asociaciones civiles, religiosas, etc. y se presenta en tres modalidades: FinEs deudores de materias, para quienes terminaron de cursar el \u00faltimo a\u00f1o de la escuela secundaria y adeudan materias; FinEs entidades conveniantes, para toda persona mayor de 18 a\u00f1os que desee iniciar o finalizar sus estudios secundarios y primarios en distintas sedes; y FinEsTec, para quienes habiendo terminado de cursar el \u00faltimo a\u00f1o en una escuela t\u00e9cnica a\u00fan tienen materias pendientes de aprobaci\u00f3n para poder obtener el t\u00edtulo t\u00e9cnico de nivel secundario.<\/p>\n","protected":false},"excerpt":{"rendered":"<p>La iniciativa permite que mayores de 18 a\u00f1os finalicen los estudios primarios y secundarios de manera gratuita. Este lunes 16 de mayo comenzar\u00e1n las clases. El ministro de Educaci\u00f3n, Cultura, Ciencia y Tecnolog\u00eda de la Provincia, Aldo Lineras, encabez\u00f3 este s\u00e1bado, desde el Centro Cultural del Barrio \u00cdtalo Argentino de Resistencia, el lanzamiento de Plan [&hellip;]<\/p>\n","protected":false},"author":1,"featured_media":15417,"comment_status":"closed","ping_status":"closed","sticky":false,"template":"","format":"standard","meta":{"footnotes":""},"categories":[6],"tags":[],"class_list":{"0":"post-15416","1":"post","2":"type-post","3":"status-publish","4":"format-standard","5":"has-post-thumbnail","7":"category-chaco"},"_links":{"self":[{"href":"https:\/\/chacosintesis.com.ar\/index.php\/wp-json\/wp\/v2\/posts\/15416","targetHints":{"allow":["GET"]}}],"collection":[{"href":"https:\/\/chacosintesis.com.ar\/index.php\/wp-json\/wp\/v2\/posts"}],"about":[{"href":"https:\/\/chacosintesis.com.ar\/index.php\/wp-json\/wp\/v2\/types\/post"}],"author":[{"embeddable":true,"href":"https:\/\/chacosintesis.com.ar\/index.php\/wp-json\/wp\/v2\/users\/1"}],"replies":[{"embeddable":true,"href":"https:\/\/chacosintesis.com.ar\/index.php\/wp-json\/wp\/v2\/comments?post=15416"}],"version-history":[{"count":0,"href":"https:\/\/chacosintesis.com.ar\/index.php\/wp-json\/wp\/v2\/posts\/15416\/revisions"}],"wp:featuredmedia":[{"embeddable":true,"href":"https:\/\/chacosintesis.com.ar\/index.php\/wp-json\/wp\/v2\/media\/15417"}],"wp:attachment":[{"href":"https:\/\/chacosintesis.com.ar\/index.php\/wp-json\/wp\/v2\/media?parent=15416"}],"wp:term":[{"taxonomy":"category","embeddable":true,"href":"https:\/\/chacosintesis.com.ar\/index.php\/wp-json\/wp\/v2\/categories?post=15416"},{"taxonomy":"post_tag","embeddable":true,"href":"https:\/\/chacosintesis.com.ar\/index.php\/wp-json\/wp\/v2\/tags?post=15416"}],"curies":[{"name":"wp","href":"https:\/\/api.w.org\/{rel}","templated":true}]}}