{"id":15412,"date":"2022-05-14T17:42:07","date_gmt":"2022-05-14T20:42:07","guid":{"rendered":"https:\/\/chacosintesis.com.ar\/?p=15412"},"modified":"2022-05-14T18:07:42","modified_gmt":"2022-05-14T21:07:42","slug":"sede-del-idach-pavimento-iluminacion-y-camaras-de-seguridad-rural-en-colonia-aborigen","status":"publish","type":"post","link":"https:\/\/chacosintesis.com.ar\/index.php\/sede-del-idach-pavimento-iluminacion-y-camaras-de-seguridad-rural-en-colonia-aborigen\/","title":{"rendered":"Sede del IDACH, pavimento, iluminaci\u00f3n y c\u00e1maras de seguridad rural en Colonia Aborigen"},"content":{"rendered":"<p>El gobernador Jorge Capitanich destac\u00f3 la importancia de sancionar &#8220;una nueva ley que implique la regulaci\u00f3n de los derechos ind\u00edgenas&#8221;. Asimismo, resalt\u00f3 la implementaci\u00f3n de los dispositivos de seguridad, en el marco de un fuerte abordaje a la lucha contra el abigeato y dem\u00e1s delitos.<br \/>\n El gobernador Jorge Capitanich, junto a la vicegobernadora Anal\u00eda Rach Quiroga, inaugur\u00f3 este s\u00e1bado el nuevo edificio del Instituto del Aborigen Chaque\u00f1o (IDACH) en Colonia Aborigen. Adem\u00e1s, puso en funcionamiento 10 c\u00e1maras de seguridad en la zona rural, claves para la lucha contra el abigeato y dem\u00e1s delitos; y dej\u00f3 habilitado el pavimento y la iluminaci\u00f3n en la rotonda de ingreso a la localidad. El mandatario estuvo acompa\u00f1ado durante la jornada, por el director del Banco Mundial para Argentina, Paraguay y Uruguay, Jordan Schwartz.<br \/>\n\u201cHoy es un d\u00eda hist\u00f3rico para el pueblo aborigen, estamos llevando adelante una reivindicaci\u00f3n hist\u00f3rica\u201d, asegur\u00f3 el primer mandatario en el d\u00eda que se cumplen 35 a\u00f1os de la Ley del Aborigen Chaque\u00f1o y se celebra el d\u00eda de la Trabajadora y Trabajador Aborigen Estatal Chaque\u00f1o.<br \/>\nEl nuevo edificio del IDACH cuenta con dos oficinas, un Sal\u00f3n de Usos M\u00faltiples, m\u00f3dulos sanitarios y espacios donde se realizar\u00e1n talleres y actividades de mec\u00e1nicas. El mismo demand\u00f3 una inversi\u00f3n de $34.425.947, monto financiado por el Ministerio de Planificaci\u00f3n, Econom\u00eda e Infraestructura.<br \/>\n\u201cEste edificio es un gran paso para comenzar a atender las demandas de la comunidad, pero tenemos que recuperar el primer edificio que es una obra que se tiene que ejecutar de manera inmediata\u201d, dijo. En ese sentido, agreg\u00f3 que con el IDACH se trabajar\u00e1 en prioridades como la independencia de la Colonia y la conformaci\u00f3n de su propio ejido municipal para el 2023, como as\u00ed tambi\u00e9n continuar garantizando los derechos b\u00e1sicos como el acceso a la salud, la educaci\u00f3n y servicios para esas comunidades.<br \/>\nAsimismo, el gobernador manifest\u00f3: \u201cEl IDACH hoy requiere un nuevo compromiso, que es la sanci\u00f3n de una nueva ley que implique la regulaci\u00f3n de los derechos ind\u00edgenas; necesitamos una ronda de di\u00e1logo con las distintas etnias para modernizar la ley del aborigen chaque\u00f1o y establecer un sistema de presupuesto aut\u00f3nomo para garantizar el ejercicio de esos derechos\u201d.<br \/>\nEstuvieron, adem\u00e1s, el intendente de Machagai, Juan Manuel Garc\u00eda; la ministra de Seguridad y Justicia, Gloria Salazar; el administrador de la Direcci\u00f3n de Vialidad Provincial, Hugo Varela; entre otras y otros funcionarios provinciales.<br \/>\nSeguridad Rural: diez c\u00e1maras en campos de la zona<br \/>\nEn la jornada en Colonia Aborigen, el gobernador particip\u00f3 de la puesta en funcionamiento de 10 c\u00e1maras de seguridad en campos de la zona. Los dispositivos forman parte de un paquete de 70 que ser\u00e1n ubicados en puntos estrat\u00e9gicos de la provincia.<br \/>\nSe trata de una pol\u00edtica p\u00fablica que busca fortalecer al sector productivo mediante la prevenci\u00f3n de delitos rurales, a trav\u00e9s de la incorporaci\u00f3n de equipamientos de \u00faltima tecnolog\u00eda. Trabajo planteado por la provincia del Chaco, en conjunto con las provincias que integran el Norte Grande.<br \/>\nLas c\u00e1maras de seguridad se alimentan a trav\u00e9s de energ\u00eda solar y tienen conexi\u00f3n a internet, lo que posibilita su autonom\u00eda y la visualizaci\u00f3n en tiempo real del lugar. Las mismas fueron dise\u00f1adas y producidas en Chaco con equipos totalmente sustentables. La cobertura de la imagen es de aproximadamente 2.000 metros durante el d\u00eda.<br \/>\nCapitanich explic\u00f3 que las c\u00e1maras fueron instaladas en los lugares donde el mapa de calor detect\u00f3 mayores casos de abigeato. El objetivo es que los productores accedan a l\u00edneas de financiamiento a bajo costo para garantizar una mayor cobertura en la red de seguridad.<br \/>\n\u201cLa tecnolog\u00eda permite contar con un seguimiento en tiempo real e identificar a los autores de los delitos rurales que tienen un alto impacto en la producci\u00f3n ganadera de Chaco\u201d, se\u00f1al\u00f3 el primer mandatario. Hizo hincapi\u00e9 en que es la tecnolog\u00eda la que permite acceder a lugares donde a los recursos humanos de la seguridad se les dificulta. En esta l\u00ednea, el gobernador asegur\u00f3 que \u201cla red de c\u00e1mara con un sistema de seguimiento y acciones del Poder Judicial se deber\u00eda erradicar por completo los delitos de abigeato\u201d.<br \/>\nPor su parte, la ministra Salazar, manifest\u00f3 que la instalaci\u00f3n de estas c\u00e1maras constituye uno de los logros m\u00e1s importantes en el contexto del Plan de Seguridad Rural: \u201cSobre todo para tener una herramienta que nos permita la prevenci\u00f3n, pero tambi\u00e9n en el caso de que se produzca alg\u00fan hecho, la investigaci\u00f3n y la resoluci\u00f3n r\u00e1pida del delito\u201d, expres\u00f3.<br \/>\nEn ese sentido, la funcionaria remarc\u00f3 que se lleva adelante un trabajo conjunto entre el Estado provincial y los productores para el dise\u00f1o de acciones en relaci\u00f3n a la Seguridad Rural. \u201cDesde un primer momento nos juntamos a dialogar con los productores para dise\u00f1ar un plan de abordaje que responda a un problema muy puntual que es el abigeato\u201d, dijo.<br \/>\nLas c\u00e1maras campo que se instalar\u00e1n en esta primera etapa son 10, de las cuales 4 se ubicar\u00e1n en zonas cr\u00edticas de Colonia Aborigen. \u201cEs una inversi\u00f3n muy importante teniendo en cuenta que todas las herramientas tecnol\u00f3gicas que incluye son de alto valor y costo\u201d, precis\u00f3 la funcionaria.<br \/>\nMarcelo Fresqui, presidente de la firma SISE Argentina, precis\u00f3 que este sistema de videovigilancia est\u00e1 pensado especialmente para el agro y para combatir la inseguridad en el campo. \u201cEs una c\u00e1mara robot, 100% aut\u00f3noma, es decir que no necesita de energ\u00eda el\u00e9ctrica ni de internet para funcionar las 24 horas. Es de altas prestaciones, con visi\u00f3n diurna de dos mil metros, nocturna de 200 metros, se puede mover en todas direcciones y tiene un potente zoom\u201d, enumer\u00f3.<br \/>\nEl Ministerio de Seguridad realizar\u00e1 el control a trav\u00e9s de un centro de monitoreo y los productores de los campos en donde se instalen las c\u00e1maras podr\u00e1n ver los registros desde un tel\u00e9fono celular. La empresa SISA lleva instaladas cerca de 35 c\u00e1maras de seguridad de este tipo en campos para clientes privados.<\/p>\n<p>Pavimento, rotonda e iluminaci\u00f3n<br \/>\nPor otro lado, el gobernador inaugur\u00f3 8 cuadras de pavimento urbano e iluminaci\u00f3n en el acceso a Colonia Aborigen. La obra contempla, adem\u00e1s, la construcci\u00f3n de veredas, parquizaci\u00f3n e iluminaci\u00f3n de la rotonda de ingreso a la localidad. La inversi\u00f3n fue de $66.733.703, monto financiado por la Direcci\u00f3n de Vialidad Provincial (DVP). \u201cCon esta obra se mejorar\u00e1 sustancialmente la transitabilidad, tanto vehicular como peatonal, mejorando, teniendo tambi\u00e9n un gran impacto ambiental\u201d, indic\u00f3 Capitanich.<br \/>\nEl administrador DVP Varela precis\u00f3 que, las 8 cuadras de pavimento m\u00e1s el espacio que propicia de plazoleta central de ingreso a Colonia Aborigen, se complementan con el acceso de 7 kil\u00f3metros que se inaugur\u00f3 en 2021 y el acceso pavimentado a la ruta 16. \u201cEstas nuevas cuadras, todas con sistema de iluminaci\u00f3n led, tendr\u00e1n un enorme impacto para toda la comunidad ya que conectan el hospital nuevo, los edificios de las escuelas primaria y secundaria y tambi\u00e9n esta nueva sede del IDACH\u201d, remarc\u00f3 el funcionario.<br \/>\n\u201cTodas estas obras se realizan con recursos propios que el Estado provincial vuelca en beneficio de estas comunidades; ratificamos nuestro apoyo y compromiso para con la comunidad de Colonia Aborigen\u201d, reiter\u00f3 Varela.<\/p>\n","protected":false},"excerpt":{"rendered":"<p>El gobernador Jorge Capitanich destac\u00f3 la importancia de sancionar &#8220;una nueva ley que implique la regulaci\u00f3n de los derechos ind\u00edgenas&#8221;. Asimismo, resalt\u00f3 la implementaci\u00f3n de los dispositivos de seguridad, en el marco de un fuerte abordaje a la lucha contra el abigeato y dem\u00e1s delitos. El gobernador Jorge Capitanich, junto a la vicegobernadora Anal\u00eda Rach [&hellip;]<\/p>\n","protected":false},"author":1,"featured_media":15413,"comment_status":"closed","ping_status":"closed","sticky":false,"template":"","format":"standard","meta":{"footnotes":""},"categories":[6],"tags":[],"class_list":{"0":"post-15412","1":"post","2":"type-post","3":"status-publish","4":"format-standard","5":"has-post-thumbnail","7":"category-chaco"},"_links":{"self":[{"href":"https:\/\/chacosintesis.com.ar\/index.php\/wp-json\/wp\/v2\/posts\/15412","targetHints":{"allow":["GET"]}}],"collection":[{"href":"https:\/\/chacosintesis.com.ar\/index.php\/wp-json\/wp\/v2\/posts"}],"about":[{"href":"https:\/\/chacosintesis.com.ar\/index.php\/wp-json\/wp\/v2\/types\/post"}],"author":[{"embeddable":true,"href":"https:\/\/chacosintesis.com.ar\/index.php\/wp-json\/wp\/v2\/users\/1"}],"replies":[{"embeddable":true,"href":"https:\/\/chacosintesis.com.ar\/index.php\/wp-json\/wp\/v2\/comments?post=15412"}],"version-history":[{"count":0,"href":"https:\/\/chacosintesis.com.ar\/index.php\/wp-json\/wp\/v2\/posts\/15412\/revisions"}],"wp:featuredmedia":[{"embeddable":true,"href":"https:\/\/chacosintesis.com.ar\/index.php\/wp-json\/wp\/v2\/media\/15413"}],"wp:attachment":[{"href":"https:\/\/chacosintesis.com.ar\/index.php\/wp-json\/wp\/v2\/media?parent=15412"}],"wp:term":[{"taxonomy":"category","embeddable":true,"href":"https:\/\/chacosintesis.com.ar\/index.php\/wp-json\/wp\/v2\/categories?post=15412"},{"taxonomy":"post_tag","embeddable":true,"href":"https:\/\/chacosintesis.com.ar\/index.php\/wp-json\/wp\/v2\/tags?post=15412"}],"curies":[{"name":"wp","href":"https:\/\/api.w.org\/{rel}","templated":true}]}}