{"id":15406,"date":"2022-05-14T09:50:53","date_gmt":"2022-05-14T12:50:53","guid":{"rendered":"https:\/\/chacosintesis.com.ar\/?p=15406"},"modified":"2022-05-14T10:06:41","modified_gmt":"2022-05-14T13:06:41","slug":"livio-gutierrez-la-paritaria-estatal-quedo-desactualizada","status":"publish","type":"post","link":"https:\/\/chacosintesis.com.ar\/index.php\/livio-gutierrez-la-paritaria-estatal-quedo-desactualizada\/","title":{"rendered":"Livio Guti\u00e9rrez: &#8220;La paritaria estatal qued\u00f3 desactualizada&#8221;"},"content":{"rendered":"<p>El Bloque de Diputados de la UCR present\u00f3 un proyecto para adelantar el pago de las cuotas de la pauta salarial.<br \/>\nEl bloque de la UCR present\u00f3 este lunes un Proyecto de Resoluci\u00f3n, por medio de cual solicita al Poder Ejecutivo que adelante el pago de los tramos de incrementos de la pauta general de salarios y jubilaciones para el sector p\u00fablico, previstos para julio (7%) y octubre (7%) para el corriente mes de mayo, atento a la evoluci\u00f3n descontrolada de la inflaci\u00f3n, y para no generar una mayor p\u00e9rdida del poder adquisitivo que la que se observa hasta abril.<br \/>\nEn este sentido, el diputado Livio Guti\u00e9rrez manifest\u00f3: \u201cAtento a los \u00edndice de inflaci\u00f3n que  se dieron  a  conocer esta semana, los cuales son alt\u00edsimos en el mes de abril sumados a  marzo, febrero y dem\u00e1s , el Gobierno tiene que adelantar el pago de la paritaria que tiene previsto el 7% en julio y el 7% en octubre ,  lo tiene que adelantar al mes de mayo,  dado que  evidentemente la inflaci\u00f3n ha desmadrado absolutamente, no la ha podido controlar y los ingresos coparticipables de la provincia aumentan conforme a la inflaci\u00f3n, pero no los sueldos\u201d.<br \/>\nAsimismo, el legislador radical record\u00f3 que el diputado nacional oficialista M\u00e1ximo Kirchner pidi\u00f3 que se adelante el aumento al salario m\u00ednimo, , y que la Vicepresidente plante\u00f3 que en este gobierno hay empleados con trabajo y pobres.<br \/>\n\u201cDeber\u00eda escuchar el Gobierno a sus m\u00e1ximos referentes y adelantar la pauta salarial  pagando en junio el 14% de aumento a activos y pasivos; ya que hicieron una pauta de 42% anual y la inflaci\u00f3n va camino al 64%\u201d, afirm\u00f3 Guti\u00e9rrez.<br \/>\nEste proyecto se suma al pedido de la UPCP para que el Gobierno adelante las cuotas de la pauta salarial.<br \/>\nLOS ALCANCES DEL PROYECTO<br \/>\nEn el proyecto fundamentamos el d\u00eda lunes  que \u201cesta semana el INDEC publicar\u00e1 el IPC (\u00cdndice de Precios al Consumidor) del mes de abril y, a\u00fan para los m\u00e1s optimistas, no estar\u00e1 debajo del 6% por encima del mes anterior. Con ello, la inflaci\u00f3n acumulada para el primer cuatrimestre del a\u00f1o alcanzar\u00e1 el 23%, cuando la meta sobre la que se aprobaron los presupuestos nacional y provincial para 2002 fue del 35% para todo el a\u00f1o y la cifra oficial informada coincide con el proyecto \u201d.<br \/>\n\u201cEn base a aqu\u00e9l supuesto (irreal, tal como insistimos cuando se debati\u00f3 en la C\u00e1mara) se fij\u00f3 una pauta salarial para la Administraci\u00f3n P\u00fablica Provincial del 42% para todo el a\u00f1o que, en teor\u00eda, superar\u00eda la meta inflacionaria y devolver\u00eda a los bolsillos de activos y pasivos provinciales, algo de lo perdido en cuanto a poder adquisitivo en 2021. El esquema de incrementos era del 15% en marzo, 7% en julio, 7% en octubre y un \u00faltimo 7% en diciembre\u201d.<br \/>\n\u201cLa inflaci\u00f3n, innegablemente, se aceler\u00f3, y la meta para todo 2022 probablemente se alcance ya en el primer semestre. No se pretende ni siquiera el otorgamiento de mayores incrementos, como s\u00ed est\u00e1n otorgando otras jurisdicciones (por ejemplo, la mayor\u00eda de los municipios del Conurbano bonaerense, est\u00e1n suscribiendo paritarias de hasta el 85%), pero s\u00ed solicitar al Poder Ejecutivo provincial  que reaccione ante la realidad y no seguir deteriorando el poder adquisitivo de los chaque\u00f1os&#8221;.<br \/>\nDataChaco.-<\/p>\n","protected":false},"excerpt":{"rendered":"<p>El Bloque de Diputados de la UCR present\u00f3 un proyecto para adelantar el pago de las cuotas de la pauta salarial. El bloque de la UCR present\u00f3 este lunes un Proyecto de Resoluci\u00f3n, por medio de cual solicita al Poder Ejecutivo que adelante el pago de los tramos de incrementos de la pauta general de [&hellip;]<\/p>\n","protected":false},"author":1,"featured_media":15407,"comment_status":"closed","ping_status":"closed","sticky":false,"template":"","format":"standard","meta":{"footnotes":""},"categories":[6],"tags":[],"class_list":{"0":"post-15406","1":"post","2":"type-post","3":"status-publish","4":"format-standard","5":"has-post-thumbnail","7":"category-chaco"},"_links":{"self":[{"href":"https:\/\/chacosintesis.com.ar\/index.php\/wp-json\/wp\/v2\/posts\/15406","targetHints":{"allow":["GET"]}}],"collection":[{"href":"https:\/\/chacosintesis.com.ar\/index.php\/wp-json\/wp\/v2\/posts"}],"about":[{"href":"https:\/\/chacosintesis.com.ar\/index.php\/wp-json\/wp\/v2\/types\/post"}],"author":[{"embeddable":true,"href":"https:\/\/chacosintesis.com.ar\/index.php\/wp-json\/wp\/v2\/users\/1"}],"replies":[{"embeddable":true,"href":"https:\/\/chacosintesis.com.ar\/index.php\/wp-json\/wp\/v2\/comments?post=15406"}],"version-history":[{"count":0,"href":"https:\/\/chacosintesis.com.ar\/index.php\/wp-json\/wp\/v2\/posts\/15406\/revisions"}],"wp:featuredmedia":[{"embeddable":true,"href":"https:\/\/chacosintesis.com.ar\/index.php\/wp-json\/wp\/v2\/media\/15407"}],"wp:attachment":[{"href":"https:\/\/chacosintesis.com.ar\/index.php\/wp-json\/wp\/v2\/media?parent=15406"}],"wp:term":[{"taxonomy":"category","embeddable":true,"href":"https:\/\/chacosintesis.com.ar\/index.php\/wp-json\/wp\/v2\/categories?post=15406"},{"taxonomy":"post_tag","embeddable":true,"href":"https:\/\/chacosintesis.com.ar\/index.php\/wp-json\/wp\/v2\/tags?post=15406"}],"curies":[{"name":"wp","href":"https:\/\/api.w.org\/{rel}","templated":true}]}}