{"id":15398,"date":"2022-05-13T21:01:05","date_gmt":"2022-05-14T00:01:05","guid":{"rendered":"https:\/\/chacosintesis.com.ar\/?p=15398"},"modified":"2022-05-13T21:02:29","modified_gmt":"2022-05-14T00:02:29","slug":"reconocimiento-internacional-para-chaqueno-por-impulsar-liderazgo-juvenil","status":"publish","type":"post","link":"https:\/\/chacosintesis.com.ar\/index.php\/reconocimiento-internacional-para-chaqueno-por-impulsar-liderazgo-juvenil\/","title":{"rendered":"Reconocimiento internacional para chaque\u00f1o por impulsar liderazgo juvenil"},"content":{"rendered":"<p>Un Chaque\u00f1o de Resistencia recibi\u00f3 reconocimiento internacional por \u201cImpulsar Liderazgo Juvenil\u201d a nivel provincial, nacional e internacional.<br \/>\nSe trata de Ricardo Parra qui\u00e9n fue distinguido con el \u201cLe\u00f3n de Platino\u201d y los Valores \u201cCrecimiento y Excelencia\u201d, por impactar en el mes de abril a 2.605 ni\u00f1os y j\u00f3venes con Valores y Principios de Liderazgo; y por modelar dichos valores. La distinci\u00f3n fue otorgada por la Rama de Liderazgo Juvenil del \u201cMaxwell Leadership\u201d, la Facultad de liderazgo m\u00e1s importante del mundo, presidida por John Maxwell, el gur\u00fa n\u00famero uno en liderazgo, formador de l\u00edderes y destacado escritor.<br \/>\nEste reconocimiento es el resultado del trabajo realizado en el mes de abril a trav\u00e9s de la \u201cIniciativa Global de la Juventud\u201d, el movimiento de liderazgo juvenil m\u00e1s significativo a nivel mundial, brindando charlas en diversas Instituciones Educativas de nuestra Provincia para fortalecer la formaci\u00f3n de L\u00edderes Transformadores.<br \/>\nSu pasi\u00f3n por el Liderazgo Juvenil lo llev\u00f3 a brindar en un solo d\u00eda 8 charlas e impactar a 1.001 j\u00f3venes de Establecimientos Educativos Secundarios y Bachilleratos Libre para Adultos de Presidencia Roque S\u00e1enz Pe\u00f1a.<br \/>\nRese\u00f1a<br \/>\nRicardo Parra es el primer argentino de Corrientes, Chaco y Formosa en obtener la Certificaci\u00f3n Internacional de \u201cEntrenador, Coach y Conferencista Internacional\u201d, otorgada por la Facultad \u201cMaxwell Leadership\u201d, de Florida, Estados Unidos, la m\u00e1s prestigiosa a nivel mundial en formaci\u00f3n de l\u00edderes.<br \/>\nComo Conferencista Internacional desde el a\u00f1o 2019 viene desarrollando su tarea no solo en nuestra Provincia y Pa\u00eds, sino tambi\u00e9n en Uruguay, Costa Rica, Honduras, El Salvador y Rep\u00fablica Dominicana, donde capacit\u00f3 a J\u00f3venes y Docentes de prestigiosos establecimientos educativos.<br \/>\nSu trabajo entrenando en Valores y Principios de Liderazgos, en varios pa\u00edses latinoamericanos, le vali\u00f3 diversos reconocimientos internacionales.<br \/>\nRicardo Parra tambi\u00e9n forma parte del staff de Profesores de la Primera Diplomatura Universitaria Superior en Derecho Docente de Latinoam\u00e9rica, dictada por la Facultad de Derecho, Ciencias Sociales y Pol\u00edticas de la UNNE.<\/p>\n","protected":false},"excerpt":{"rendered":"<p>Un Chaque\u00f1o de Resistencia recibi\u00f3 reconocimiento internacional por \u201cImpulsar Liderazgo Juvenil\u201d a nivel provincial, nacional e internacional. Se trata de Ricardo Parra qui\u00e9n fue distinguido con el \u201cLe\u00f3n de Platino\u201d y los Valores \u201cCrecimiento y Excelencia\u201d, por impactar en el mes de abril a 2.605 ni\u00f1os y j\u00f3venes con Valores y Principios de Liderazgo; y [&hellip;]<\/p>\n","protected":false},"author":1,"featured_media":15399,"comment_status":"closed","ping_status":"closed","sticky":false,"template":"","format":"standard","meta":{"footnotes":""},"categories":[6],"tags":[],"class_list":{"0":"post-15398","1":"post","2":"type-post","3":"status-publish","4":"format-standard","5":"has-post-thumbnail","7":"category-chaco"},"_links":{"self":[{"href":"https:\/\/chacosintesis.com.ar\/index.php\/wp-json\/wp\/v2\/posts\/15398","targetHints":{"allow":["GET"]}}],"collection":[{"href":"https:\/\/chacosintesis.com.ar\/index.php\/wp-json\/wp\/v2\/posts"}],"about":[{"href":"https:\/\/chacosintesis.com.ar\/index.php\/wp-json\/wp\/v2\/types\/post"}],"author":[{"embeddable":true,"href":"https:\/\/chacosintesis.com.ar\/index.php\/wp-json\/wp\/v2\/users\/1"}],"replies":[{"embeddable":true,"href":"https:\/\/chacosintesis.com.ar\/index.php\/wp-json\/wp\/v2\/comments?post=15398"}],"version-history":[{"count":0,"href":"https:\/\/chacosintesis.com.ar\/index.php\/wp-json\/wp\/v2\/posts\/15398\/revisions"}],"wp:featuredmedia":[{"embeddable":true,"href":"https:\/\/chacosintesis.com.ar\/index.php\/wp-json\/wp\/v2\/media\/15399"}],"wp:attachment":[{"href":"https:\/\/chacosintesis.com.ar\/index.php\/wp-json\/wp\/v2\/media?parent=15398"}],"wp:term":[{"taxonomy":"category","embeddable":true,"href":"https:\/\/chacosintesis.com.ar\/index.php\/wp-json\/wp\/v2\/categories?post=15398"},{"taxonomy":"post_tag","embeddable":true,"href":"https:\/\/chacosintesis.com.ar\/index.php\/wp-json\/wp\/v2\/tags?post=15398"}],"curies":[{"name":"wp","href":"https:\/\/api.w.org\/{rel}","templated":true}]}}