{"id":15372,"date":"2022-05-10T18:33:58","date_gmt":"2022-05-10T21:33:58","guid":{"rendered":"https:\/\/chacosintesis.com.ar\/?p=15372"},"modified":"2022-05-10T18:40:32","modified_gmt":"2022-05-10T21:40:32","slug":"celebracion-de-santa-rita-de-casia-anunciaron-el-cronograma-de-actividades","status":"publish","type":"post","link":"https:\/\/chacosintesis.com.ar\/index.php\/celebracion-de-santa-rita-de-casia-anunciaron-el-cronograma-de-actividades\/","title":{"rendered":"Celebraci\u00f3n de Santa Rita de Casia: Anunciaron el cronograma de actividades"},"content":{"rendered":"<p>Autoridades municipales y provinciales detallaron las actividades que se realizar\u00e1n el 21 y 22 de mayo en la parroquia \u201cSan Jos\u00e9\u201d. El gobierno declar\u00f3 de inter\u00e9s provincial la festividad religiosa.<\/p>\n<p>El Ministerio de Gobierno y Trabajo, a trav\u00e9s de la Subsecretar\u00eda de Gobierno, acompa\u00f1\u00f3 la presentaci\u00f3n del cronograma de actividades por la celebraci\u00f3n por Santa Rita de Casia que se realizar\u00e1 en la parroquia \u201cSan Jos\u00e9\u201d de Puerto Tirol. De la conferencia de prensa participaron los sacerdotes Carlos Dellamea y Hern\u00e1n G\u00f3mez P\u00e9rez, el subsecretario de Gobierno Ra\u00fal Bittel, el intendente Humberto de Pompert Bangher, y el legislador Hugo Sager.<br \/>\n\u201cSanta Rita, ay\u00fadanos a ser una iglesia en camino de escucha, di\u00e1logo y encuentro\u201d, es el lema elegido para guiar las acciones festivas que comenzar\u00e1n el s\u00e1bado 21 de mayo con el rezo del \u201cRosario por la Vida\u201d. El domingo 22 se celebrar\u00e1n diversas misas para la comunidad de Puerto Tirol y se realizar\u00e1 una procesi\u00f3n por las calles del pueblo.<br \/>\nEl gobierno provincial acompa\u00f1a la actividad declarada de inter\u00e9s provincial a trav\u00e9s del decreto 789\/2022. \u201cEl mensaje que nos trae Santa Rita de reflexi\u00f3n para la escucha, el di\u00e1logo y el reencuentro es el camino que tenemos que llevar adelante en estos momentos dif\u00edciles\u201d, sostuvo el subsecretario de Gobierno.<br \/>\nPor su parte, Pompert Bangher detall\u00f3 que desde la gesti\u00f3n municipal se trabaja con diferentes sectores para asegurar las condiciones para la realizaci\u00f3n del evento y recibir cerca de 100 mil peregrinas y peregrinos de todo el pa\u00eds. \u201cSe trabaja con la polic\u00eda, bromatolog\u00eda, acci\u00f3n social, direcci\u00f3n de Tr\u00e1nsito, con los referentes municipales y otras fuerzas de la comunidad para diagramar la organizaci\u00f3n del evento\u201d, explic\u00f3 el jefe comunal.<br \/>\nLa Polic\u00eda del Chaco y la comisar\u00eda de la localidad realizar\u00e1n controles para garantizar la seguridad de las y los ciudadanos y peregrinos que arribar\u00e1n a la celebraci\u00f3n.<br \/>\n&#8220;la devoci\u00f3n de Santa Rita ha ido creciendo a lo largo de los a\u00f1os, la cual fue iniciada por el padre Monta\u00f1o cuando llega a Puerto Tirol y en funci\u00f3n de una promesa a su madre de llevar la imagen de la virgen a la comunidad, e hizo que esta celebraci\u00f3n se convirtiera en una de la m\u00e1s importantes a nivel provincial por la multitudinaria presencia de feligreses cat\u00f3licos, superando las frontera de la provincia y del pa\u00eds\u201d, indic\u00f3 Sager.<br \/>\nCronograma de actividades<br \/>\nS\u00e1bado 21 de mayo<br \/>\n23 hs: Rosario por la Vida.<br \/>\nDomingo 22 de mayo<br \/>\n00 hs: Misa por la Vida<br \/>\n7 hs: Misa por los peregrinos.<br \/>\n9 hs: Misa por los ancianos y enfermos.<br \/>\n15.30 hs: Procesi\u00f3n por las calles del pueblo.<br \/>\n17.30 hs: Misa por las familias.<br \/>\n18:30 horas \u2013 Misa por los j\u00f3venes.<br \/>\n20 hs: Misa por el pueblo.<\/p>\n","protected":false},"excerpt":{"rendered":"<p>Autoridades municipales y provinciales detallaron las actividades que se realizar\u00e1n el 21 y 22 de mayo en la parroquia \u201cSan Jos\u00e9\u201d. El gobierno declar\u00f3 de inter\u00e9s provincial la festividad religiosa. El Ministerio de Gobierno y Trabajo, a trav\u00e9s de la Subsecretar\u00eda de Gobierno, acompa\u00f1\u00f3 la presentaci\u00f3n del cronograma de actividades por la celebraci\u00f3n por Santa [&hellip;]<\/p>\n","protected":false},"author":1,"featured_media":15373,"comment_status":"closed","ping_status":"closed","sticky":false,"template":"","format":"standard","meta":{"footnotes":""},"categories":[6],"tags":[],"class_list":{"0":"post-15372","1":"post","2":"type-post","3":"status-publish","4":"format-standard","5":"has-post-thumbnail","7":"category-chaco"},"_links":{"self":[{"href":"https:\/\/chacosintesis.com.ar\/index.php\/wp-json\/wp\/v2\/posts\/15372","targetHints":{"allow":["GET"]}}],"collection":[{"href":"https:\/\/chacosintesis.com.ar\/index.php\/wp-json\/wp\/v2\/posts"}],"about":[{"href":"https:\/\/chacosintesis.com.ar\/index.php\/wp-json\/wp\/v2\/types\/post"}],"author":[{"embeddable":true,"href":"https:\/\/chacosintesis.com.ar\/index.php\/wp-json\/wp\/v2\/users\/1"}],"replies":[{"embeddable":true,"href":"https:\/\/chacosintesis.com.ar\/index.php\/wp-json\/wp\/v2\/comments?post=15372"}],"version-history":[{"count":0,"href":"https:\/\/chacosintesis.com.ar\/index.php\/wp-json\/wp\/v2\/posts\/15372\/revisions"}],"wp:featuredmedia":[{"embeddable":true,"href":"https:\/\/chacosintesis.com.ar\/index.php\/wp-json\/wp\/v2\/media\/15373"}],"wp:attachment":[{"href":"https:\/\/chacosintesis.com.ar\/index.php\/wp-json\/wp\/v2\/media?parent=15372"}],"wp:term":[{"taxonomy":"category","embeddable":true,"href":"https:\/\/chacosintesis.com.ar\/index.php\/wp-json\/wp\/v2\/categories?post=15372"},{"taxonomy":"post_tag","embeddable":true,"href":"https:\/\/chacosintesis.com.ar\/index.php\/wp-json\/wp\/v2\/tags?post=15372"}],"curies":[{"name":"wp","href":"https:\/\/api.w.org\/{rel}","templated":true}]}}