{"id":15370,"date":"2022-05-10T12:06:32","date_gmt":"2022-05-10T15:06:32","guid":{"rendered":"https:\/\/chacosintesis.com.ar\/?p=15370"},"modified":"2022-05-10T12:09:28","modified_gmt":"2022-05-10T15:09:28","slug":"peche-somos-un-equipo-que-quiere-cambiar-la-realidad-de-resistencia","status":"publish","type":"post","link":"https:\/\/chacosintesis.com.ar\/index.php\/peche-somos-un-equipo-que-quiere-cambiar-la-realidad-de-resistencia\/","title":{"rendered":"Peche: &#8220;Somos un equipo que quiere cambiar la realidad de Resistencia&#8221;"},"content":{"rendered":"<p>El presidente del interbloque de diputados de la UCR, Carim Peche, particip\u00f3 de una reuni\u00f3n de dirigentes de Convergencia Social de la ciudad de Resistencia en la que se abordaron las distintas problem\u00e1ticas que afectan a los vecinos y se avanz\u00f3 en la conformaci\u00f3n de equipos que ser\u00e1n parte de campa\u00f1as destinadas a atender los reclamos de la ciudadan\u00eda.<\/p>\n<p>Sobre este encuentro Peche expres\u00f3 su entusiasmo \u201cMuy agradecido por el acompa\u00f1amiento de una dirigencia que viene hace muchos a\u00f1os trabajando por el progreso y crecimiento de Resistencia, y tambi\u00e9n por la incorporaci\u00f3n de nuevos valores, profesionales, trabajadores de distintos rubros del sector p\u00fablico y privado, referentes del sector gremial, j\u00f3venes, estamos conformando un grupo homog\u00e9neo, muy lindo\u201d<\/p>\n<p>\u201cLa sociedad est\u00e1 exigiendo a quienes tenemos la posibilidad de mejorar su calidad de vida  que lo hagamos con grandeza, en pos del bien com\u00fan, generando oportunidades,  en Convergencia Social tenemos mujeres y hombres con ganas de cambiar la realidad de esta ciudad, y cuando hay ganas  lo mejor que podemos hacer es darles la energ\u00eda, la confianza y el respaldo que necesitan, y voy a hacer todo lo necesario para que cada uno pueda ocupar el lugar que  le permita cumplir el objetivo de construir una ciudad moderna, accesible, inclusiva, incorporando las nuevas tecnolog\u00edas y objetivos sostenibles al servicio de los resistencianos\u201d<\/p>\n<p>Y remarc\u00f3 \u201cEstamos convencidos que se puede hacer pol\u00edtica de otra manera, mirando hacia adelante, con solidaridad, compromiso, esfuerzo, humildad, respeto, tolerancia, esperanza,    valores humanos indispensables para la construcci\u00f3n de un proyecto colectivo que nos permita sentar las bases de un cambio s\u00f3lido que modifique el presente como primer paso hacia un futuro mejor\u201d<\/p>\n","protected":false},"excerpt":{"rendered":"<p>El presidente del interbloque de diputados de la UCR, Carim Peche, particip\u00f3 de una reuni\u00f3n de dirigentes de Convergencia Social de la ciudad de Resistencia en la que se abordaron las distintas problem\u00e1ticas que afectan a los vecinos y se avanz\u00f3 en la conformaci\u00f3n de equipos que ser\u00e1n parte de campa\u00f1as destinadas a atender los [&hellip;]<\/p>\n","protected":false},"author":1,"featured_media":15371,"comment_status":"closed","ping_status":"closed","sticky":false,"template":"","format":"standard","meta":{"footnotes":""},"categories":[6],"tags":[],"class_list":{"0":"post-15370","1":"post","2":"type-post","3":"status-publish","4":"format-standard","5":"has-post-thumbnail","7":"category-chaco"},"_links":{"self":[{"href":"https:\/\/chacosintesis.com.ar\/index.php\/wp-json\/wp\/v2\/posts\/15370","targetHints":{"allow":["GET"]}}],"collection":[{"href":"https:\/\/chacosintesis.com.ar\/index.php\/wp-json\/wp\/v2\/posts"}],"about":[{"href":"https:\/\/chacosintesis.com.ar\/index.php\/wp-json\/wp\/v2\/types\/post"}],"author":[{"embeddable":true,"href":"https:\/\/chacosintesis.com.ar\/index.php\/wp-json\/wp\/v2\/users\/1"}],"replies":[{"embeddable":true,"href":"https:\/\/chacosintesis.com.ar\/index.php\/wp-json\/wp\/v2\/comments?post=15370"}],"version-history":[{"count":0,"href":"https:\/\/chacosintesis.com.ar\/index.php\/wp-json\/wp\/v2\/posts\/15370\/revisions"}],"wp:featuredmedia":[{"embeddable":true,"href":"https:\/\/chacosintesis.com.ar\/index.php\/wp-json\/wp\/v2\/media\/15371"}],"wp:attachment":[{"href":"https:\/\/chacosintesis.com.ar\/index.php\/wp-json\/wp\/v2\/media?parent=15370"}],"wp:term":[{"taxonomy":"category","embeddable":true,"href":"https:\/\/chacosintesis.com.ar\/index.php\/wp-json\/wp\/v2\/categories?post=15370"},{"taxonomy":"post_tag","embeddable":true,"href":"https:\/\/chacosintesis.com.ar\/index.php\/wp-json\/wp\/v2\/tags?post=15370"}],"curies":[{"name":"wp","href":"https:\/\/api.w.org\/{rel}","templated":true}]}}