{"id":15351,"date":"2022-05-09T17:56:09","date_gmt":"2022-05-09T20:56:09","guid":{"rendered":"https:\/\/chacosintesis.com.ar\/?p=15351"},"modified":"2022-05-09T18:07:13","modified_gmt":"2022-05-09T21:07:13","slug":"sesionemos-juntos-temario-para-la-sesion-ordinaria-en-quitilipi","status":"publish","type":"post","link":"https:\/\/chacosintesis.com.ar\/index.php\/sesionemos-juntos-temario-para-la-sesion-ordinaria-en-quitilipi\/","title":{"rendered":"\u201cSesionemos Juntos\u201d: temario para la Sesi\u00f3n Ordinaria en Quitilipi"},"content":{"rendered":"<p>Durante la reuni\u00f3n semanal de Labor Parlamentaria los distintos bloques pol\u00edticos definieron los temas que formar\u00e1n parte de la alteraci\u00f3n del Orden del D\u00eda previsto para la Sesi\u00f3n Ordinaria N\u00ba 11, que se desarrollar\u00e1 este mi\u00e9rcoles en el Instituto de Educaci\u00f3n Superior \u201cJuan Jos\u00e9 Gualberto Pisarello\u201d de Quitilipi, en el marco del Programa \u201cSesionemos Juntos\u201d.<br \/>\nLuego de los homenajes a personalidades destacadas de la zona, durante la jornada legislativa acordaron el tratamiento de siete temas, entre ellos un Proyecto que tiene como objeto la declaraci\u00f3n de Patrimonio Hist\u00f3rico y Cultural al edificio Municipal de Quitilipi, as\u00ed como la creaci\u00f3n del Sistema de Identificaci\u00f3n de Tranqueras denominado Mapa interactivo SOS Rural. Tambi\u00e9n abordar\u00e1n una iniciativa que se busca establecer la regulaci\u00f3n de la asistencia personal para las personas con discapacidad, y un Proyecto de creaci\u00f3n de un Programa Provincial de Promoci\u00f3n y Desarrollo de Huertas Urbanas, Periurbanas y Vecinales.<br \/>\nDel mismo modo buscar\u00e1n la aprobaci\u00f3n del Programa de capacitaci\u00f3n y formaci\u00f3n de los establecimientos gastron\u00f3micos para brindar un men\u00fa libre de gluten, y la implementaci\u00f3n de una campa\u00f1a provincial de prevenci\u00f3n de estafas telef\u00f3nicas y por internet es otro de los temas a tratar, esta iniciativa del diputado Bergia busca alertar a la poblaci\u00f3n, especialmente a los adultos mayores sobre las pr\u00e1cticas fraudulentas consistentes en ser manipulados para la entrega de datos.<br \/>\nFinalmente, los legisladores buscar\u00e1n  la incorporaci\u00f3n a la curr\u00edcula escolar de todos los niveles de la asignatura \u201cCultura del Buen Trato Hacia las Personas Adultas Mayores\u201d, incluyendo como efem\u00e9ride el 15 de junio como D\u00eda Mundial de la Toma de Conciencia de Abuso y Maltrato en la Vejez y al d\u00eda 1 de octubre D\u00eda Internacional de las Personas de Edad. La reuni\u00f3n fue presidida por el titular del Bloque Justicialista, Atlanto Honcheruk, con la presencia de sus pares Paola Ben\u00edtez, Hugo Sager y la diputada de la UCR Zulma Galeano.<br \/>\nLa sesi\u00f3n se transmitir\u00e1 en vivo desde las plataformas YouTube y Facebook (Poder Legislativo Chaco), como as\u00ed tambi\u00e9n en la p\u00e1gina web oficial de la Legislatura (<a href=\"http:\/\/video.legislaturachaco.gov.ar\/\">video.legislaturachaco.gov.ar\/<\/a>), desde donde podr\u00e1 seguirse el debate.<\/p>\n","protected":false},"excerpt":{"rendered":"<p>Durante la reuni\u00f3n semanal de Labor Parlamentaria los distintos bloques pol\u00edticos definieron los temas que formar\u00e1n parte de la alteraci\u00f3n del Orden del D\u00eda previsto para la Sesi\u00f3n Ordinaria N\u00ba 11, que se desarrollar\u00e1 este mi\u00e9rcoles en el Instituto de Educaci\u00f3n Superior \u201cJuan Jos\u00e9 Gualberto Pisarello\u201d de Quitilipi, en el marco del Programa \u201cSesionemos Juntos\u201d. [&hellip;]<\/p>\n","protected":false},"author":1,"featured_media":15352,"comment_status":"closed","ping_status":"closed","sticky":false,"template":"","format":"standard","meta":{"footnotes":""},"categories":[6],"tags":[],"class_list":{"0":"post-15351","1":"post","2":"type-post","3":"status-publish","4":"format-standard","5":"has-post-thumbnail","7":"category-chaco"},"_links":{"self":[{"href":"https:\/\/chacosintesis.com.ar\/index.php\/wp-json\/wp\/v2\/posts\/15351","targetHints":{"allow":["GET"]}}],"collection":[{"href":"https:\/\/chacosintesis.com.ar\/index.php\/wp-json\/wp\/v2\/posts"}],"about":[{"href":"https:\/\/chacosintesis.com.ar\/index.php\/wp-json\/wp\/v2\/types\/post"}],"author":[{"embeddable":true,"href":"https:\/\/chacosintesis.com.ar\/index.php\/wp-json\/wp\/v2\/users\/1"}],"replies":[{"embeddable":true,"href":"https:\/\/chacosintesis.com.ar\/index.php\/wp-json\/wp\/v2\/comments?post=15351"}],"version-history":[{"count":0,"href":"https:\/\/chacosintesis.com.ar\/index.php\/wp-json\/wp\/v2\/posts\/15351\/revisions"}],"wp:featuredmedia":[{"embeddable":true,"href":"https:\/\/chacosintesis.com.ar\/index.php\/wp-json\/wp\/v2\/media\/15352"}],"wp:attachment":[{"href":"https:\/\/chacosintesis.com.ar\/index.php\/wp-json\/wp\/v2\/media?parent=15351"}],"wp:term":[{"taxonomy":"category","embeddable":true,"href":"https:\/\/chacosintesis.com.ar\/index.php\/wp-json\/wp\/v2\/categories?post=15351"},{"taxonomy":"post_tag","embeddable":true,"href":"https:\/\/chacosintesis.com.ar\/index.php\/wp-json\/wp\/v2\/tags?post=15351"}],"curies":[{"name":"wp","href":"https:\/\/api.w.org\/{rel}","templated":true}]}}