{"id":15345,"date":"2022-05-09T11:08:30","date_gmt":"2022-05-09T14:08:30","guid":{"rendered":"https:\/\/chacosintesis.com.ar\/?p=15345"},"modified":"2022-05-09T11:39:28","modified_gmt":"2022-05-09T14:39:28","slug":"adolescente-de-14-anos-protagonizo-un-siniestro-de-transito-cuando-manejaba-una-moto","status":"publish","type":"post","link":"https:\/\/chacosintesis.com.ar\/index.php\/adolescente-de-14-anos-protagonizo-un-siniestro-de-transito-cuando-manejaba-una-moto\/","title":{"rendered":"Adolescente de 14 a\u00f1os protagoniz\u00f3 un siniestro de tr\u00e1nsito cuando manejaba una moto"},"content":{"rendered":"<p>Un siniestro de tr\u00e1nsito en la esquina de calle 41 y 18 del barrio Santa M\u00f3nica, en la localidad de Presidencia Roque S\u00e1enz Pe\u00f1a, dej\u00f3 como saldo un menor de 14 a\u00f1os con heridas, qui\u00e9n era el conductor de uno de los veh\u00edculos involucrados.<br \/>\nSeg\u00fan reportaron en un parte policial, la colisi\u00f3n se produjo entre un auto VW \u201cGol\u201d, manejado por una mujer de 45 a\u00f1os, y una moto \u201cLegnano\u201d 110cc que era piloteada por el adolescente.<br \/>\nLuego del choque, indicaron que el menor fue trasladado al nosocomio local \u201cpor presentar lesiones en pierna izquierda\u201d, en tanto que se habr\u00eda dado intervenci\u00f3n a la Divisi\u00f3n Criminal\u00edstica y a la entrega de ambos rodados en el lugar tras acreditar la propiedad.<\/p>\n","protected":false},"excerpt":{"rendered":"<p>Un siniestro de tr\u00e1nsito en la esquina de calle 41 y 18 del barrio Santa M\u00f3nica, en la localidad de Presidencia Roque S\u00e1enz Pe\u00f1a, dej\u00f3 como saldo un menor de 14 a\u00f1os con heridas, qui\u00e9n era el conductor de uno de los veh\u00edculos involucrados. Seg\u00fan reportaron en un parte policial, la colisi\u00f3n se produjo entre [&hellip;]<\/p>\n","protected":false},"author":1,"featured_media":15346,"comment_status":"closed","ping_status":"closed","sticky":false,"template":"","format":"standard","meta":{"footnotes":""},"categories":[6],"tags":[],"class_list":{"0":"post-15345","1":"post","2":"type-post","3":"status-publish","4":"format-standard","5":"has-post-thumbnail","7":"category-chaco"},"_links":{"self":[{"href":"https:\/\/chacosintesis.com.ar\/index.php\/wp-json\/wp\/v2\/posts\/15345","targetHints":{"allow":["GET"]}}],"collection":[{"href":"https:\/\/chacosintesis.com.ar\/index.php\/wp-json\/wp\/v2\/posts"}],"about":[{"href":"https:\/\/chacosintesis.com.ar\/index.php\/wp-json\/wp\/v2\/types\/post"}],"author":[{"embeddable":true,"href":"https:\/\/chacosintesis.com.ar\/index.php\/wp-json\/wp\/v2\/users\/1"}],"replies":[{"embeddable":true,"href":"https:\/\/chacosintesis.com.ar\/index.php\/wp-json\/wp\/v2\/comments?post=15345"}],"version-history":[{"count":0,"href":"https:\/\/chacosintesis.com.ar\/index.php\/wp-json\/wp\/v2\/posts\/15345\/revisions"}],"wp:featuredmedia":[{"embeddable":true,"href":"https:\/\/chacosintesis.com.ar\/index.php\/wp-json\/wp\/v2\/media\/15346"}],"wp:attachment":[{"href":"https:\/\/chacosintesis.com.ar\/index.php\/wp-json\/wp\/v2\/media?parent=15345"}],"wp:term":[{"taxonomy":"category","embeddable":true,"href":"https:\/\/chacosintesis.com.ar\/index.php\/wp-json\/wp\/v2\/categories?post=15345"},{"taxonomy":"post_tag","embeddable":true,"href":"https:\/\/chacosintesis.com.ar\/index.php\/wp-json\/wp\/v2\/tags?post=15345"}],"curies":[{"name":"wp","href":"https:\/\/api.w.org\/{rel}","templated":true}]}}