{"id":15339,"date":"2022-05-08T19:01:08","date_gmt":"2022-05-08T22:01:08","guid":{"rendered":"https:\/\/chacosintesis.com.ar\/?p=15339"},"modified":"2022-05-08T19:09:29","modified_gmt":"2022-05-08T22:09:29","slug":"foro-de-concejales-radicales-del-chaco-nora-gauna-de-saenz-pena-presidente","status":"publish","type":"post","link":"https:\/\/chacosintesis.com.ar\/index.php\/foro-de-concejales-radicales-del-chaco-nora-gauna-de-saenz-pena-presidente\/","title":{"rendered":"Foro de Concejales Radicales del Chaco: Nora Gauna de S\u00e1enz Pe\u00f1a presidente"},"content":{"rendered":"<p>Los concejales de la UCR de toda la provincia del Chaco se reunieron para elegir las nuevas autoridades del Foro.<br \/>\n Luego de un debate y consensuando posturas se acord\u00f3 que la mesa ejecutiva quedar\u00eda integrada por: presidente Nora Gauna de S\u00e1enz Pe\u00f1a, vicepresidente Claudia Cabrera de Las Bre\u00f1as, secretario general Daniel Rodriguez de Pinedo y vocales Juan Jos\u00e9 Maidana de Tres Isletas, Miguel Rueda de Fontana y Carlos Salom de Resistencia.<br \/>\n Destacaron: &#8220;Convencidos que somos la alternativa al gobierno actual la mesa ejecutiva se integr\u00f3 con todas las l\u00edneas internas del radicalismo con representaci\u00f3n en las concejal\u00edas, sin que pese mayor\u00eda o minor\u00eda.&#8221;<br \/>\n El objetivo primordial del foro es trabajar en pos de un mismo futuro que es el bienestar de todos los chaque\u00f1os.<br \/>\n &#8220;Compromiso social, di\u00e1logo directo, trabajo responsable son los ejes que nos llevar\u00e1n a ganar las elecciones en el 2023&#8221;, fueron las palabras de su presidente Nora Gauna, representante de Convergencia Social.<\/p>\n","protected":false},"excerpt":{"rendered":"<p>Los concejales de la UCR de toda la provincia del Chaco se reunieron para elegir las nuevas autoridades del Foro. Luego de un debate y consensuando posturas se acord\u00f3 que la mesa ejecutiva quedar\u00eda integrada por: presidente Nora Gauna de S\u00e1enz Pe\u00f1a, vicepresidente Claudia Cabrera de Las Bre\u00f1as, secretario general Daniel Rodriguez de Pinedo y [&hellip;]<\/p>\n","protected":false},"author":1,"featured_media":15340,"comment_status":"closed","ping_status":"closed","sticky":false,"template":"","format":"standard","meta":{"footnotes":""},"categories":[6],"tags":[],"class_list":{"0":"post-15339","1":"post","2":"type-post","3":"status-publish","4":"format-standard","5":"has-post-thumbnail","7":"category-chaco"},"_links":{"self":[{"href":"https:\/\/chacosintesis.com.ar\/index.php\/wp-json\/wp\/v2\/posts\/15339","targetHints":{"allow":["GET"]}}],"collection":[{"href":"https:\/\/chacosintesis.com.ar\/index.php\/wp-json\/wp\/v2\/posts"}],"about":[{"href":"https:\/\/chacosintesis.com.ar\/index.php\/wp-json\/wp\/v2\/types\/post"}],"author":[{"embeddable":true,"href":"https:\/\/chacosintesis.com.ar\/index.php\/wp-json\/wp\/v2\/users\/1"}],"replies":[{"embeddable":true,"href":"https:\/\/chacosintesis.com.ar\/index.php\/wp-json\/wp\/v2\/comments?post=15339"}],"version-history":[{"count":0,"href":"https:\/\/chacosintesis.com.ar\/index.php\/wp-json\/wp\/v2\/posts\/15339\/revisions"}],"wp:featuredmedia":[{"embeddable":true,"href":"https:\/\/chacosintesis.com.ar\/index.php\/wp-json\/wp\/v2\/media\/15340"}],"wp:attachment":[{"href":"https:\/\/chacosintesis.com.ar\/index.php\/wp-json\/wp\/v2\/media?parent=15339"}],"wp:term":[{"taxonomy":"category","embeddable":true,"href":"https:\/\/chacosintesis.com.ar\/index.php\/wp-json\/wp\/v2\/categories?post=15339"},{"taxonomy":"post_tag","embeddable":true,"href":"https:\/\/chacosintesis.com.ar\/index.php\/wp-json\/wp\/v2\/tags?post=15339"}],"curies":[{"name":"wp","href":"https:\/\/api.w.org\/{rel}","templated":true}]}}