{"id":15327,"date":"2022-05-08T01:35:08","date_gmt":"2022-05-08T04:35:08","guid":{"rendered":"https:\/\/chacosintesis.com.ar\/?p=15327"},"modified":"2022-05-08T01:36:48","modified_gmt":"2022-05-08T04:36:48","slug":"castelli-dos-muertos-a-consecuencia-de-un-choque-entre-una-motocicleta-y-una-pickup","status":"publish","type":"post","link":"https:\/\/chacosintesis.com.ar\/index.php\/castelli-dos-muertos-a-consecuencia-de-un-choque-entre-una-motocicleta-y-una-pickup\/","title":{"rendered":"Castelli: dos muertos a consecuencia de un choque entre una motocicleta y una pickup"},"content":{"rendered":"<p>Fuentes policiales informaron que el hecho sucedi\u00f3 este s\u00e1bado por la tarde sobre la avenida G\u00fcemes, frente a la Chacra 7. Ambos conductores perdieron la vida, el del veh\u00edculo de menor porte en el acto y el de la camioneta falleci\u00f3 cuando recib\u00eda atenciones en el Hospital Bicentenario.<\/p>\n<p>El fatal impacto se dio aproximadamente a las 17.50, entre una moto de 50 C.C. y una camioneta 4X4, marca Toyota modelo Hilux. Los primeros en auxiliar a los heridos fueron los vecinos del lugar.<br \/>\n De acuerdo al personal de salud que asisti\u00f3 a los heridos el conductor de la moto, Santos Farias (45), muri\u00f3 en el acto. Mientras que el hombre que guiaba la camioneta fue trasladado en ambulancia hasta el hospital local, y minutos m\u00e1s tarde de su ingreso al centro m\u00e9dico se inform\u00f3 el deceso de Mart\u00edn With (19), oriundo de la Provincia de Santa Fe.<br \/>\n Adem\u00e1s del conductor de la pickup, hab\u00eda una mujer de 25 a\u00f1os en la camioneta. La acompa\u00f1ante habr\u00eda resultado con lesiones de car\u00e1cter leve.<br \/>\n Intervino la Fiscal\u00eda en turno, quien dispuso el accionar del perito del Gabinete Cient\u00edfico del Poder Judicial. Tambi\u00e9n participaron agentes de la Divisi\u00f3n Bomberos, y se decomisaron los rodados involucrados.<br \/>\n DIARIO NORTE.-<\/p>\n","protected":false},"excerpt":{"rendered":"<p>Fuentes policiales informaron que el hecho sucedi\u00f3 este s\u00e1bado por la tarde sobre la avenida G\u00fcemes, frente a la Chacra 7. Ambos conductores perdieron la vida, el del veh\u00edculo de menor porte en el acto y el de la camioneta falleci\u00f3 cuando recib\u00eda atenciones en el Hospital Bicentenario. El fatal impacto se dio aproximadamente a [&hellip;]<\/p>\n","protected":false},"author":1,"featured_media":15328,"comment_status":"closed","ping_status":"closed","sticky":false,"template":"","format":"standard","meta":{"footnotes":""},"categories":[6],"tags":[197],"class_list":{"0":"post-15327","1":"post","2":"type-post","3":"status-publish","4":"format-standard","5":"has-post-thumbnail","7":"category-chaco","8":"tag-destacada"},"_links":{"self":[{"href":"https:\/\/chacosintesis.com.ar\/index.php\/wp-json\/wp\/v2\/posts\/15327","targetHints":{"allow":["GET"]}}],"collection":[{"href":"https:\/\/chacosintesis.com.ar\/index.php\/wp-json\/wp\/v2\/posts"}],"about":[{"href":"https:\/\/chacosintesis.com.ar\/index.php\/wp-json\/wp\/v2\/types\/post"}],"author":[{"embeddable":true,"href":"https:\/\/chacosintesis.com.ar\/index.php\/wp-json\/wp\/v2\/users\/1"}],"replies":[{"embeddable":true,"href":"https:\/\/chacosintesis.com.ar\/index.php\/wp-json\/wp\/v2\/comments?post=15327"}],"version-history":[{"count":0,"href":"https:\/\/chacosintesis.com.ar\/index.php\/wp-json\/wp\/v2\/posts\/15327\/revisions"}],"wp:featuredmedia":[{"embeddable":true,"href":"https:\/\/chacosintesis.com.ar\/index.php\/wp-json\/wp\/v2\/media\/15328"}],"wp:attachment":[{"href":"https:\/\/chacosintesis.com.ar\/index.php\/wp-json\/wp\/v2\/media?parent=15327"}],"wp:term":[{"taxonomy":"category","embeddable":true,"href":"https:\/\/chacosintesis.com.ar\/index.php\/wp-json\/wp\/v2\/categories?post=15327"},{"taxonomy":"post_tag","embeddable":true,"href":"https:\/\/chacosintesis.com.ar\/index.php\/wp-json\/wp\/v2\/tags?post=15327"}],"curies":[{"name":"wp","href":"https:\/\/api.w.org\/{rel}","templated":true}]}}