{"id":15313,"date":"2022-05-06T21:09:02","date_gmt":"2022-05-07T00:09:02","guid":{"rendered":"https:\/\/chacosintesis.com.ar\/?p=15313"},"modified":"2022-05-06T21:37:26","modified_gmt":"2022-05-07T00:37:26","slug":"cristina-kirchner-no-le-estamos-haciendo-honor-a-tanta-confianza-que-depositaron-en-nosotros","status":"publish","type":"post","link":"https:\/\/chacosintesis.com.ar\/index.php\/cristina-kirchner-no-le-estamos-haciendo-honor-a-tanta-confianza-que-depositaron-en-nosotros\/","title":{"rendered":"Cristina Kirchner: &#8220;No le estamos haciendo honor a tanta confianza que depositaron en nosotros&#8221;"},"content":{"rendered":"<p>La vicepresidenta lo indic\u00f3 en Chaco. Dijo que en el Ejecutivo &#8220;no hay pelea, sino que se debaten ideas&#8221;. Sin embargo, resalt\u00f3 que &#8220;hay trabajadores en relaci\u00f3n de dependencia pobres, algo que nunca pas\u00f3 en el pa\u00eds&#8221;.<\/p>\n<p>La vicepresidenta Cristina Fern\u00e1ndez de Kirchner asegur\u00f3 hoy que en el Gobierno &#8220;no hay pelea, sino debate de ideas&#8221;, durante una extensa disertaci\u00f3n en la que lanz\u00f3 duras cr\u00edticas a la oposici\u00f3n y a la Corte Suprema de Justicia y cuestion\u00f3 algunos aspectos de la marcha de la econom\u00eda.<\/p>\n<p>Fern\u00e1ndez de Kirchner centr\u00f3 parte de su discurso en las cuestiones econ\u00f3micas y en la situaci\u00f3n social del pa\u00eds y se lament\u00f3 porque de momento &#8220;no le estamos haciendo honor a tanta confianza&#8221; de la gente.<br \/>\n&#8220;Lo que est\u00e1 pasando en el Poder Ejecutivo no es pelea; yo no le pegu\u00e9 a nadie, a m\u00ed nadie me peg\u00f3&#8221;, dijo Cristina y brome\u00f3 con el hecho de que hab\u00eda recurrido al diccionario para encuadrar una situaci\u00f3n que fue motivo de m\u00faltiples especulaciones en los medios de prensa y, que, asegur\u00f3, es un &#8220;debate&#8221; en el seno de la coalici\u00f3n gobernante.<br \/>\nLa vicepresidenta hizo una disertaci\u00f3n de casi dos horas sobre Estado, poder y sociedad en la sede de la Universidad Nacional del Chaco Austral, donde recibi\u00f3 un doctorado honoris causa.<\/p>\n<p> En su ponencia, recomend\u00f3 &#8220;revisar algunas cosas&#8221; con el objetivo de resolver &#8220;un fen\u00f3meno que se est\u00e1 dando en Argentina&#8221;, por el cual los &#8220;trabajadores en relaci\u00f3n de dependencia son pobres&#8221;.<br \/>\n&#8220;Esto nunca hab\u00eda pasado; la pobreza siempre la ubic\u00e1bamos por afuera del trabajo formal. \u00bfPor qu\u00e9 es esto?&#8221;, se pregunt\u00f3 la ex presidenta durante su discurso, en el que tambi\u00e9n advirti\u00f3 que pese a haber &#8220;casi 30 mil millones de d\u00f3lares de super\u00e1vit comercial tenemos problemas&#8221;.<br \/>\n&#8220;\u00bfQu\u00e9 pasa con la administraci\u00f3n monetaria y cambiaria?&#8221;, interrog\u00f3 tambi\u00e9n y continu\u00f3 reconociendo que el Gobierno &#8220;no le est\u00e1 haciendo honor&#8221; a &#8220;la confianza&#8221; que le deposit\u00f3 el electorado.<br \/>\nEn otro orden, Cristina cuestion\u00f3 a la oposici\u00f3n por impulsar un proyecto para el uso de una boleta \u00fanica de papel en las votaciones, al considerar que &#8220;la sociedad&#8221; tiene problemas m\u00e1s importantes, como, por ejemplo, que &#8220;no tiene laburo y no le alcanza la guita&#8221;.<br \/>\n Tambi\u00e9n, en otro segmento de su disertaci\u00f3n, la titular del Senado denunci\u00f3 que \u201cnunca se vio algo igual\u201d en cuanto a que la Corte Suprema haya declarado \u201cinconstitucional\u201d una ley despu\u00e9s de 16 a\u00f1os de vigencia, en alusi\u00f3n al fallo que derog\u00f3 la conformaci\u00f3n del Consejo de la Magistratura.<br \/>\nEn otro orden, evalu\u00f3 que el capitalismo se convirti\u00f3 &#8220;en un sistema de producci\u00f3n de bienes y servicios que se ha independizado de las ideolog\u00edas&#8221; y puso como ejemplo a la Rep\u00fablica Popular China como uno de los modelos capitalistas &#8220;m\u00e1s exitosos&#8221;.<br \/>\nCristina entendi\u00f3 tambi\u00e9n que uno de los problemas centrales del pa\u00eds es su econom\u00eda bimonetaria, que convirti\u00f3 al d\u00f3lar en moneda de ahorro, y asegur\u00f3 que se trata de una cuesti\u00f3n que requiere &#8220;acuerdos y gesti\u00f3n&#8221;.<br \/>\n CADENA 3.-<\/p>\n","protected":false},"excerpt":{"rendered":"<p>La vicepresidenta lo indic\u00f3 en Chaco. Dijo que en el Ejecutivo &#8220;no hay pelea, sino que se debaten ideas&#8221;. Sin embargo, resalt\u00f3 que &#8220;hay trabajadores en relaci\u00f3n de dependencia pobres, algo que nunca pas\u00f3 en el pa\u00eds&#8221;. La vicepresidenta Cristina Fern\u00e1ndez de Kirchner asegur\u00f3 hoy que en el Gobierno &#8220;no hay pelea, sino debate de [&hellip;]<\/p>\n","protected":false},"author":1,"featured_media":15314,"comment_status":"closed","ping_status":"closed","sticky":false,"template":"","format":"standard","meta":{"footnotes":""},"categories":[6],"tags":[197],"class_list":{"0":"post-15313","1":"post","2":"type-post","3":"status-publish","4":"format-standard","5":"has-post-thumbnail","7":"category-chaco","8":"tag-destacada"},"_links":{"self":[{"href":"https:\/\/chacosintesis.com.ar\/index.php\/wp-json\/wp\/v2\/posts\/15313","targetHints":{"allow":["GET"]}}],"collection":[{"href":"https:\/\/chacosintesis.com.ar\/index.php\/wp-json\/wp\/v2\/posts"}],"about":[{"href":"https:\/\/chacosintesis.com.ar\/index.php\/wp-json\/wp\/v2\/types\/post"}],"author":[{"embeddable":true,"href":"https:\/\/chacosintesis.com.ar\/index.php\/wp-json\/wp\/v2\/users\/1"}],"replies":[{"embeddable":true,"href":"https:\/\/chacosintesis.com.ar\/index.php\/wp-json\/wp\/v2\/comments?post=15313"}],"version-history":[{"count":0,"href":"https:\/\/chacosintesis.com.ar\/index.php\/wp-json\/wp\/v2\/posts\/15313\/revisions"}],"wp:featuredmedia":[{"embeddable":true,"href":"https:\/\/chacosintesis.com.ar\/index.php\/wp-json\/wp\/v2\/media\/15314"}],"wp:attachment":[{"href":"https:\/\/chacosintesis.com.ar\/index.php\/wp-json\/wp\/v2\/media?parent=15313"}],"wp:term":[{"taxonomy":"category","embeddable":true,"href":"https:\/\/chacosintesis.com.ar\/index.php\/wp-json\/wp\/v2\/categories?post=15313"},{"taxonomy":"post_tag","embeddable":true,"href":"https:\/\/chacosintesis.com.ar\/index.php\/wp-json\/wp\/v2\/tags?post=15313"}],"curies":[{"name":"wp","href":"https:\/\/api.w.org\/{rel}","templated":true}]}}