{"id":15302,"date":"2022-05-06T09:44:51","date_gmt":"2022-05-06T12:44:51","guid":{"rendered":"https:\/\/chacosintesis.com.ar\/?p=15302"},"modified":"2022-05-06T10:07:01","modified_gmt":"2022-05-06T13:07:01","slug":"cristina-kirchner-recibira-el-doctorado-honoris-causa-por-la-uncaus","status":"publish","type":"post","link":"https:\/\/chacosintesis.com.ar\/index.php\/cristina-kirchner-recibira-el-doctorado-honoris-causa-por-la-uncaus\/","title":{"rendered":"Cristina Kirchner recibir\u00e1 el Doctorado Honoris Causa por la Uncaus"},"content":{"rendered":"<p>En medio de la interna que vive el oficialismo, la vicepresidenta Cristina Kirchner volver\u00e1 a brindar un discurso p\u00fablico y hay gran expectativa por lo que dir\u00e1 desde la provincia de Chaco.<br \/>\nExpondr\u00e1 su ponencia doctoral \u201cEstado, Poder y Sociedad: la insatisfacci\u00f3n democr\u00e1tica\u201d, luego del voto un\u00e1nime por parte del Consejo Superior de la UNCAUS para condecorar con su m\u00e1xima distinci\u00f3n acad\u00e9mica a la vicepresidenta.<br \/>\nEn palabras del Consejo, la decisi\u00f3n de distinguirla fue a partir de &#8220;su trascendente aporte a la consolidaci\u00f3n del sistema democr\u00e1tico argentino durante su mandato&#8221;.<br \/>\nLuego de recibir los s\u00edmbolos de Distinci\u00f3n, la Estola, la Medalla y el T\u00edtulo Acad\u00e9mico, la condecoraci\u00f3n tiene como requisito una exposici\u00f3n magistral, por lo que hay gran expectativa en todo el arco pol\u00edtico por lo que puede decir.<br \/>\nEl acto comenzar\u00e1 a las 17 en el Sal\u00f3n de Convenciones Gala en la ciudad de Resistencia. El rector y vicerrector de la Universidad Nacional del Chaco Austral, Germ\u00e1n Oestmann y Manuel Garc\u00eda Sola, ser\u00e1n los encargados de entregarle los atributos, junto al gobernador del Chaco Jorge Capitanich.<br \/>\nEn la \u00faltima aparici\u00f3n p\u00fablica, Cristina interpel\u00f3 a Alberto Fern\u00e1ndez con una dura frase: \u201cHablamos de poder cuando alguien adopta una decisi\u00f3n y esa decisi\u00f3n se puede aplicar y es respetada por el conjunto, eso es el poder. Que te pongan una banda y te den el bast\u00f3n, un poquito es. Pero cr\u00e9anme, lo digo por experiencia\u201d.<br \/>\nLa interna oficialista ardi\u00f3 en los \u00faltimos d\u00edas con declaraciones cruzadas entre albertistas y camporistas. Hace una semana, Andr\u00e9s \u201cCuervo\u201d Larroque dispar\u00f3 contra el ministro de econom\u00eda, Mart\u00edn Guzm\u00e1n, al se\u00f1alar que \u201cnadie lo vot\u00f3\u201d.<br \/>\nLo que provoc\u00f3 la reacci\u00f3n del piquetero Luis D&#8221;El\u00eda que, por Twitter, apunt\u00f3 con la misma munici\u00f3n de us\u00f3 Larroque: \u201cAl &#8221;Cuervo&#8221; Larroque tampoco lo vot\u00f3 nadie\u201d.<br \/>\nLa tensi\u00f3n escal\u00f3 durante el fin de semana con el discurso que dio M\u00e1ximo Kirchner en el plenario del Partido Justicialista bonaerense que, retomando la l\u00ednea discursiva de Larroque, carg\u00f3 contra Guzm\u00e1n: \u201c\u00bfC\u00f3mo que nuestro ministro de Econom\u00eda Mart\u00edn Guzm\u00e1n dice que \u00e9l hace su trabajo pero que no se mete en disputas de poder? \u00bfY entonces qu\u00e9 vamos a hacer?\u201d.<br \/>\nEl dirigente piquetero Luis D&#8221;El\u00eda -de nuevo por Twitter- sali\u00f3 en defensa de Guzm\u00e1n y el Presidente acusando al diputado nacional de tener un &#8220;discurso funcional a la derecha&#8221;.<br \/>\n&#8220;El discurso p\u00fablico de M\u00e1ximo Kirchner intentando crear desesperanza en el Pueblo tiene que ver con sus ambiciones electorales de cara a 2023 y es funcional a la derecha macrista&#8221;, a\u00f1adi\u00f3.<br \/>\nEl martes, Andr\u00e9s &#8220;El Cuervo&#8221; Larroque le apunt\u00f3 a Fern\u00e1ndez al declarar que el gobierno es del kirchnerismo. El Presidente, desde un acto en La Pampa, le respondi\u00f3: &#8220;Yo no soy el due\u00f1o del Gobierno, nadie es due\u00f1o del Gobierno. El due\u00f1o es el pueblo, nosotros s\u00f3lo representamos a ese pueblo&#8221;.<br \/>\nMientras que el mi\u00e9rcoles, despu\u00e9s de la reuni\u00f3n de gabinete -que convoc\u00f3 el Jefe de Gabinete, Juan Manzur- las turbulencias comenzaron a menguar; sobre todo despu\u00e9s de la foto que se sac\u00f3 Manzur, junto al ministro de Interior, Wado de Pedro y otras figuras importantes del kirchnerismo, en Tecn\u00f3polis<\/p>\n<p>CADENA 3.-<\/p>\n","protected":false},"excerpt":{"rendered":"<p>En medio de la interna que vive el oficialismo, la vicepresidenta Cristina Kirchner volver\u00e1 a brindar un discurso p\u00fablico y hay gran expectativa por lo que dir\u00e1 desde la provincia de Chaco. Expondr\u00e1 su ponencia doctoral \u201cEstado, Poder y Sociedad: la insatisfacci\u00f3n democr\u00e1tica\u201d, luego del voto un\u00e1nime por parte del Consejo Superior de la UNCAUS [&hellip;]<\/p>\n","protected":false},"author":1,"featured_media":15303,"comment_status":"closed","ping_status":"closed","sticky":false,"template":"","format":"standard","meta":{"footnotes":""},"categories":[6],"tags":[],"class_list":{"0":"post-15302","1":"post","2":"type-post","3":"status-publish","4":"format-standard","5":"has-post-thumbnail","7":"category-chaco"},"_links":{"self":[{"href":"https:\/\/chacosintesis.com.ar\/index.php\/wp-json\/wp\/v2\/posts\/15302","targetHints":{"allow":["GET"]}}],"collection":[{"href":"https:\/\/chacosintesis.com.ar\/index.php\/wp-json\/wp\/v2\/posts"}],"about":[{"href":"https:\/\/chacosintesis.com.ar\/index.php\/wp-json\/wp\/v2\/types\/post"}],"author":[{"embeddable":true,"href":"https:\/\/chacosintesis.com.ar\/index.php\/wp-json\/wp\/v2\/users\/1"}],"replies":[{"embeddable":true,"href":"https:\/\/chacosintesis.com.ar\/index.php\/wp-json\/wp\/v2\/comments?post=15302"}],"version-history":[{"count":0,"href":"https:\/\/chacosintesis.com.ar\/index.php\/wp-json\/wp\/v2\/posts\/15302\/revisions"}],"wp:featuredmedia":[{"embeddable":true,"href":"https:\/\/chacosintesis.com.ar\/index.php\/wp-json\/wp\/v2\/media\/15303"}],"wp:attachment":[{"href":"https:\/\/chacosintesis.com.ar\/index.php\/wp-json\/wp\/v2\/media?parent=15302"}],"wp:term":[{"taxonomy":"category","embeddable":true,"href":"https:\/\/chacosintesis.com.ar\/index.php\/wp-json\/wp\/v2\/categories?post=15302"},{"taxonomy":"post_tag","embeddable":true,"href":"https:\/\/chacosintesis.com.ar\/index.php\/wp-json\/wp\/v2\/tags?post=15302"}],"curies":[{"name":"wp","href":"https:\/\/api.w.org\/{rel}","templated":true}]}}