{"id":15286,"date":"2022-05-05T09:47:26","date_gmt":"2022-05-05T12:47:26","guid":{"rendered":"https:\/\/chacosintesis.com.ar\/?p=15286"},"modified":"2022-05-05T10:07:48","modified_gmt":"2022-05-05T13:07:48","slug":"charata-asaltaron-a-tres-adolescentes-antes-de-ingresar-al-colegio","status":"publish","type":"post","link":"https:\/\/chacosintesis.com.ar\/index.php\/charata-asaltaron-a-tres-adolescentes-antes-de-ingresar-al-colegio\/","title":{"rendered":"Charata: asaltaron a tres adolescentes antes de ingresar al colegio"},"content":{"rendered":"<p>Delincuentes volvieron a atacar a adolescentes previo al ingreso a instituciones escolares. El nuevo hecho se produjo a pocos metros del colegio Nacional, frente a la Escuela 32. Ante la repetici\u00f3n de hechos, los padres y autoridades se leyeron para solicitar control policial en los horarios escolares<br \/>\nAnal\u00eda Far\u00edas, presidenta de la Cooperadora del Colegio Nacional de Charata, coment\u00f3, tras la reuni\u00f3n que realizaron entre padres y autoridades de la instituci\u00f3n educativa, que manifestaron una solicitud con firmas para solicitar a las autoridades policiales control de patrullaje en los horarios escolares.<br \/>\n&#8220;Queremos llegar a donde tenemos que llegar, porque necesitamos seguridad para nuestros ni\u00f1os. En este caso, fueron tres ni\u00f1as, a una le pusieron un cuchillo en la garganta, en la Plaza Belgrano, a una cuadra del colegio Nacional, y al frente de la Escuela 32, y luego le robaron a ella ya dos m\u00e1s que ven\u00edan detr\u00e1s&#8221;, explic\u00f3 Far\u00edas.<br \/>\nAgreg\u00f3 que van a juntar firmas del colegio y de todas las instituciones. &#8220;Hace unos d\u00edas, pas\u00f3 con otro colegio (en el centro). Queremos que nuestros ni\u00f1os estudien, vayan y vengan tranquilos&#8221;, remarc\u00f3. El hecho anterior, tambi\u00e9n ocurri\u00f3 en cercan\u00edas de un colegio, y la v\u00edctima fue un menor de 13 a\u00f1os que iba en bicicleta al colegio, en pleno centro.<br \/>\n Adem\u00e1s, hace resaltar en que ya &#8220;no importa que vayan en grupo, los atacan a todos&#8221;. &#8220;Charata en general est\u00e1 muy inseguro. A tres cuadras tenemos la comisar\u00eda, y queremos pedirle que se puedan juntar con nosotros, y necesitamos que hagan un recorrido&#8221;, concluy\u00f3.<br \/>\n DIARIO NORTE.-<\/p>\n","protected":false},"excerpt":{"rendered":"<p>Delincuentes volvieron a atacar a adolescentes previo al ingreso a instituciones escolares. El nuevo hecho se produjo a pocos metros del colegio Nacional, frente a la Escuela 32. Ante la repetici\u00f3n de hechos, los padres y autoridades se leyeron para solicitar control policial en los horarios escolares Anal\u00eda Far\u00edas, presidenta de la Cooperadora del Colegio [&hellip;]<\/p>\n","protected":false},"author":1,"featured_media":15287,"comment_status":"closed","ping_status":"closed","sticky":false,"template":"","format":"standard","meta":{"footnotes":""},"categories":[6],"tags":[197],"class_list":{"0":"post-15286","1":"post","2":"type-post","3":"status-publish","4":"format-standard","5":"has-post-thumbnail","7":"category-chaco","8":"tag-destacada"},"_links":{"self":[{"href":"https:\/\/chacosintesis.com.ar\/index.php\/wp-json\/wp\/v2\/posts\/15286","targetHints":{"allow":["GET"]}}],"collection":[{"href":"https:\/\/chacosintesis.com.ar\/index.php\/wp-json\/wp\/v2\/posts"}],"about":[{"href":"https:\/\/chacosintesis.com.ar\/index.php\/wp-json\/wp\/v2\/types\/post"}],"author":[{"embeddable":true,"href":"https:\/\/chacosintesis.com.ar\/index.php\/wp-json\/wp\/v2\/users\/1"}],"replies":[{"embeddable":true,"href":"https:\/\/chacosintesis.com.ar\/index.php\/wp-json\/wp\/v2\/comments?post=15286"}],"version-history":[{"count":0,"href":"https:\/\/chacosintesis.com.ar\/index.php\/wp-json\/wp\/v2\/posts\/15286\/revisions"}],"wp:featuredmedia":[{"embeddable":true,"href":"https:\/\/chacosintesis.com.ar\/index.php\/wp-json\/wp\/v2\/media\/15287"}],"wp:attachment":[{"href":"https:\/\/chacosintesis.com.ar\/index.php\/wp-json\/wp\/v2\/media?parent=15286"}],"wp:term":[{"taxonomy":"category","embeddable":true,"href":"https:\/\/chacosintesis.com.ar\/index.php\/wp-json\/wp\/v2\/categories?post=15286"},{"taxonomy":"post_tag","embeddable":true,"href":"https:\/\/chacosintesis.com.ar\/index.php\/wp-json\/wp\/v2\/tags?post=15286"}],"curies":[{"name":"wp","href":"https:\/\/api.w.org\/{rel}","templated":true}]}}