{"id":15280,"date":"2022-05-05T09:42:39","date_gmt":"2022-05-05T12:42:39","guid":{"rendered":"https:\/\/chacosintesis.com.ar\/?p=15280"},"modified":"2022-05-05T10:07:42","modified_gmt":"2022-05-05T13:07:42","slug":"la-fiscalia-de-estado-y-la-fiscalia-de-investigaciones-administrativas-trabajaron-en-una-agenda-conjunta-y-proyectaron-actividades","status":"publish","type":"post","link":"https:\/\/chacosintesis.com.ar\/index.php\/la-fiscalia-de-estado-y-la-fiscalia-de-investigaciones-administrativas-trabajaron-en-una-agenda-conjunta-y-proyectaron-actividades\/","title":{"rendered":"La Fiscal\u00eda de Estado y la Fiscal\u00eda de Investigaciones Administrativas trabajaron en una agenda conjunta y proyectaron actividades"},"content":{"rendered":"<p>El fiscal de Estado Roberto Alejandro Herlein, acompa\u00f1ado por el secretario General Mat\u00edas Kuray y el director de Doctrina y Jurisprudencia Fernando Petri, fue recibido por el fiscal General de la Fiscal\u00eda de Investigaciones Administrativas Gustavo Leguizam\u00f3n, que estuvo junto a la fiscal Adjunta Margarita Beveraggi y el contador Auditor Ariel Zurlo Torres.<br \/>\nEn la ocasi\u00f3n se realiz\u00f3 una puesta en com\u00fan de temas que resultan relevantes para ambos organismos y a la vez se proyectaron diversas acciones. Tambi\u00e9n se abordaron las problem\u00e1ticas que en la actualidad enfrentan ambos organismos de control.<br \/>\nPor otra parte, en el encuentro se avanz\u00f3 en la posibilidad de realizar capacitaciones a trav\u00e9s del Centro de Capacitaciones de la Fiscal\u00eda de Estado del Chaco (CECAFE), que tiene como director a Fernando Petri, con el objetivo de dotar de nuevas herramientas a los profesionales de ambas instituciones.<br \/>\nDe esta manera la Fiscal\u00eda de Estado contin\u00faa con el objetivo de establecer mecanismos de colaboraci\u00f3n con otras carteras del Estado y as\u00ed poder perfeccionar el trabajo mancomunado en diferentes cuestiones.<\/p>\n","protected":false},"excerpt":{"rendered":"<p>El fiscal de Estado Roberto Alejandro Herlein, acompa\u00f1ado por el secretario General Mat\u00edas Kuray y el director de Doctrina y Jurisprudencia Fernando Petri, fue recibido por el fiscal General de la Fiscal\u00eda de Investigaciones Administrativas Gustavo Leguizam\u00f3n, que estuvo junto a la fiscal Adjunta Margarita Beveraggi y el contador Auditor Ariel Zurlo Torres. En la [&hellip;]<\/p>\n","protected":false},"author":1,"featured_media":15281,"comment_status":"closed","ping_status":"closed","sticky":false,"template":"","format":"standard","meta":{"footnotes":""},"categories":[6],"tags":[],"class_list":{"0":"post-15280","1":"post","2":"type-post","3":"status-publish","4":"format-standard","5":"has-post-thumbnail","7":"category-chaco"},"_links":{"self":[{"href":"https:\/\/chacosintesis.com.ar\/index.php\/wp-json\/wp\/v2\/posts\/15280","targetHints":{"allow":["GET"]}}],"collection":[{"href":"https:\/\/chacosintesis.com.ar\/index.php\/wp-json\/wp\/v2\/posts"}],"about":[{"href":"https:\/\/chacosintesis.com.ar\/index.php\/wp-json\/wp\/v2\/types\/post"}],"author":[{"embeddable":true,"href":"https:\/\/chacosintesis.com.ar\/index.php\/wp-json\/wp\/v2\/users\/1"}],"replies":[{"embeddable":true,"href":"https:\/\/chacosintesis.com.ar\/index.php\/wp-json\/wp\/v2\/comments?post=15280"}],"version-history":[{"count":0,"href":"https:\/\/chacosintesis.com.ar\/index.php\/wp-json\/wp\/v2\/posts\/15280\/revisions"}],"wp:featuredmedia":[{"embeddable":true,"href":"https:\/\/chacosintesis.com.ar\/index.php\/wp-json\/wp\/v2\/media\/15281"}],"wp:attachment":[{"href":"https:\/\/chacosintesis.com.ar\/index.php\/wp-json\/wp\/v2\/media?parent=15280"}],"wp:term":[{"taxonomy":"category","embeddable":true,"href":"https:\/\/chacosintesis.com.ar\/index.php\/wp-json\/wp\/v2\/categories?post=15280"},{"taxonomy":"post_tag","embeddable":true,"href":"https:\/\/chacosintesis.com.ar\/index.php\/wp-json\/wp\/v2\/tags?post=15280"}],"curies":[{"name":"wp","href":"https:\/\/api.w.org\/{rel}","templated":true}]}}