{"id":15276,"date":"2022-05-04T09:38:18","date_gmt":"2022-05-04T12:38:18","guid":{"rendered":"https:\/\/chacosintesis.com.ar\/?p=15276"},"modified":"2022-05-04T10:07:52","modified_gmt":"2022-05-04T13:07:52","slug":"capitanich-queremos-avanzar-en-politicas-de-produccion-seguridad-trabajo-y-obras-publicas","status":"publish","type":"post","link":"https:\/\/chacosintesis.com.ar\/index.php\/capitanich-queremos-avanzar-en-politicas-de-produccion-seguridad-trabajo-y-obras-publicas\/","title":{"rendered":"Capitanich: &#8220;Queremos avanzar en pol\u00edticas de producci\u00f3n, seguridad, trabajo y obras p\u00fablicas&#8221;"},"content":{"rendered":"<p>En la noche de este martes, el gobernador Jorge Capitanich se reuni\u00f3 con los diputados del bloque oficialista para analizar el Orden del d\u00eda de la sesi\u00f3n legislativa de este mi\u00e9rcoles.<br \/>\nSeg\u00fan expuso el mandatario en redes sociales, el gobierno busca &#8220;avanzar en pol\u00edticas de producci\u00f3n, seguridad, trabajo y obras p\u00fablicas que beneficien a las chaque\u00f1as y los chaque\u00f1os&#8221;.<br \/>\n&#8220;Necesitamos de todos y todas para afrontar este desaf\u00edo de construir m\u00e1s inclusi\u00f3n y m\u00e1s integraci\u00f3n. Con un trabajo coordinado vamos a concretar logros significativos para nuestra provincia&#8221;, defini\u00f3.<br \/>\nEstuvieron presentes la ministra de Seguridad y Justicia, Gloria Zalazar; de Gobierno y Trabajo, Juan Manuel Chapo; y la secretaria general de la Gobernaci\u00f3n, Noelia Canteros.<br \/>\nLos legisladores que concurrieron al encuentro fueron Hugo Sager, Paola Ben\u00edtez, Mariela Quir\u00f3s, Juan Carlos Ayala, Atlanto Honcheruk, Nicol\u00e1s Slimel y Claudia Panzardi.<\/p>\n","protected":false},"excerpt":{"rendered":"<p>En la noche de este martes, el gobernador Jorge Capitanich se reuni\u00f3 con los diputados del bloque oficialista para analizar el Orden del d\u00eda de la sesi\u00f3n legislativa de este mi\u00e9rcoles. Seg\u00fan expuso el mandatario en redes sociales, el gobierno busca &#8220;avanzar en pol\u00edticas de producci\u00f3n, seguridad, trabajo y obras p\u00fablicas que beneficien a las [&hellip;]<\/p>\n","protected":false},"author":1,"featured_media":15277,"comment_status":"closed","ping_status":"closed","sticky":false,"template":"","format":"standard","meta":{"footnotes":""},"categories":[6],"tags":[],"class_list":{"0":"post-15276","1":"post","2":"type-post","3":"status-publish","4":"format-standard","5":"has-post-thumbnail","7":"category-chaco"},"_links":{"self":[{"href":"https:\/\/chacosintesis.com.ar\/index.php\/wp-json\/wp\/v2\/posts\/15276","targetHints":{"allow":["GET"]}}],"collection":[{"href":"https:\/\/chacosintesis.com.ar\/index.php\/wp-json\/wp\/v2\/posts"}],"about":[{"href":"https:\/\/chacosintesis.com.ar\/index.php\/wp-json\/wp\/v2\/types\/post"}],"author":[{"embeddable":true,"href":"https:\/\/chacosintesis.com.ar\/index.php\/wp-json\/wp\/v2\/users\/1"}],"replies":[{"embeddable":true,"href":"https:\/\/chacosintesis.com.ar\/index.php\/wp-json\/wp\/v2\/comments?post=15276"}],"version-history":[{"count":0,"href":"https:\/\/chacosintesis.com.ar\/index.php\/wp-json\/wp\/v2\/posts\/15276\/revisions"}],"wp:featuredmedia":[{"embeddable":true,"href":"https:\/\/chacosintesis.com.ar\/index.php\/wp-json\/wp\/v2\/media\/15277"}],"wp:attachment":[{"href":"https:\/\/chacosintesis.com.ar\/index.php\/wp-json\/wp\/v2\/media?parent=15276"}],"wp:term":[{"taxonomy":"category","embeddable":true,"href":"https:\/\/chacosintesis.com.ar\/index.php\/wp-json\/wp\/v2\/categories?post=15276"},{"taxonomy":"post_tag","embeddable":true,"href":"https:\/\/chacosintesis.com.ar\/index.php\/wp-json\/wp\/v2\/tags?post=15276"}],"curies":[{"name":"wp","href":"https:\/\/api.w.org\/{rel}","templated":true}]}}