{"id":15262,"date":"2022-05-03T14:50:03","date_gmt":"2022-05-03T17:50:03","guid":{"rendered":"https:\/\/chacosintesis.com.ar\/?p=15262"},"modified":"2022-05-03T14:54:23","modified_gmt":"2022-05-03T17:54:23","slug":"se-realizo-el-comite-federal-de-la-juventud-radical-y-chaco-estuvo-presente","status":"publish","type":"post","link":"https:\/\/chacosintesis.com.ar\/index.php\/se-realizo-el-comite-federal-de-la-juventud-radical-y-chaco-estuvo-presente\/","title":{"rendered":"Se realiz\u00f3 el Comit\u00e9 Federal de la Juventud Radical y Chaco estuvo presente"},"content":{"rendered":"<p>Este fin de semana se llev\u00f3 a cabo en la Ciudad de la Plata el Comit\u00e9 Federal de La Juventud Radical, organizado por la mesa Nacional de la Juventud Radical d\u00f3nde hubo varias tem\u00e1ticas a trav\u00e9s de distintos paneles y j\u00f3venes de todo el pa\u00eds participaron para contribuir a una agenda pol\u00edtica de cara al a\u00f1o 2023 dentro de la Uni\u00f3n C\u00edvica Radical.<\/p>\n<p>El primer panel tuvo propuestas de legisladores j\u00f3venes, d\u00f3nde expusieron proyectos y objetivos legislativos de distintas Provincias.<\/p>\n<p>El segundo Panel abordado sobre Ambiente y desarrollo sostenible, dando participaci\u00f3n a distintos referentes del tema y concluyendo con un documento de la Juventud Radical Nacional con propuestas concretas referido al Medio ambiente su protecci\u00f3n, defensa y cuidado del mismo.<br \/>\n El tercer panel convoc\u00f3 a los Presidentes de las veinticuatro Provincias de la Argentina.<br \/>\n En la disertaci\u00f3n el Presidente de la Juventud Radical de Chaco oscar \u00abTatino\u00bb Enr\u00edquez expuso la situaci\u00f3n Provincial en materia de salud, econom\u00eda, Educaci\u00f3n, Desarrollo humano y empleo e invit\u00f3 a los Radicales que tengamos una mirada especial a las Provincias del Norte argentino postergadas en la pobreza como el caso del \u00c1rea Metropolitana del Chaco con mayor \u00edndice de pobreza e indigencia del pa\u00eds e inst\u00f3 a organizar una agenda d\u00f3nde se incluyan temas como Educaci\u00f3n de calidad con incentivo a las carreras de programaci\u00f3n y desarrollo tecnol\u00f3gico como primer paso a la nueva era de la globalizaci\u00f3n; incentivo al empleo joven, para salir de las becas miseria y la precariedad.<br \/>\n En desarrollo humano y empleo propuso la necesidad de dejar de lado las villas miserias y empezar una pol\u00edtica de loteos y viviendas j\u00f3venes con m\u00e1s compromiso y menos palabras para los gobiernos.<br \/>\n En materia ambiental expuso la necesidad de trabajar para la creaci\u00f3n de fueros ambientales, polic\u00eda ambiental y la creaci\u00f3n de los C\u00f3digos ambientales en todos los estamentos.<br \/>\n El cierre del evento estuvo a cargo de la Presidenta de la juventud Radical Valeria Pav\u00f3n, la Vicepresidente Trinidad Barda Schell, el vicepresidente Martin Lousteau y el Presidente de la Uni\u00f3n C\u00edvica Radical y Gobernador de Jujuy Gerardo Morales.<\/p>\n","protected":false},"excerpt":{"rendered":"<p>Este fin de semana se llev\u00f3 a cabo en la Ciudad de la Plata el Comit\u00e9 Federal de La Juventud Radical, organizado por la mesa Nacional de la Juventud Radical d\u00f3nde hubo varias tem\u00e1ticas a trav\u00e9s de distintos paneles y j\u00f3venes de todo el pa\u00eds participaron para contribuir a una agenda pol\u00edtica de cara al [&hellip;]<\/p>\n","protected":false},"author":1,"featured_media":15263,"comment_status":"closed","ping_status":"closed","sticky":false,"template":"","format":"standard","meta":{"footnotes":""},"categories":[6],"tags":[],"class_list":{"0":"post-15262","1":"post","2":"type-post","3":"status-publish","4":"format-standard","5":"has-post-thumbnail","7":"category-chaco"},"_links":{"self":[{"href":"https:\/\/chacosintesis.com.ar\/index.php\/wp-json\/wp\/v2\/posts\/15262","targetHints":{"allow":["GET"]}}],"collection":[{"href":"https:\/\/chacosintesis.com.ar\/index.php\/wp-json\/wp\/v2\/posts"}],"about":[{"href":"https:\/\/chacosintesis.com.ar\/index.php\/wp-json\/wp\/v2\/types\/post"}],"author":[{"embeddable":true,"href":"https:\/\/chacosintesis.com.ar\/index.php\/wp-json\/wp\/v2\/users\/1"}],"replies":[{"embeddable":true,"href":"https:\/\/chacosintesis.com.ar\/index.php\/wp-json\/wp\/v2\/comments?post=15262"}],"version-history":[{"count":0,"href":"https:\/\/chacosintesis.com.ar\/index.php\/wp-json\/wp\/v2\/posts\/15262\/revisions"}],"wp:featuredmedia":[{"embeddable":true,"href":"https:\/\/chacosintesis.com.ar\/index.php\/wp-json\/wp\/v2\/media\/15263"}],"wp:attachment":[{"href":"https:\/\/chacosintesis.com.ar\/index.php\/wp-json\/wp\/v2\/media?parent=15262"}],"wp:term":[{"taxonomy":"category","embeddable":true,"href":"https:\/\/chacosintesis.com.ar\/index.php\/wp-json\/wp\/v2\/categories?post=15262"},{"taxonomy":"post_tag","embeddable":true,"href":"https:\/\/chacosintesis.com.ar\/index.php\/wp-json\/wp\/v2\/tags?post=15262"}],"curies":[{"name":"wp","href":"https:\/\/api.w.org\/{rel}","templated":true}]}}