{"id":15256,"date":"2022-05-03T10:19:35","date_gmt":"2022-05-03T13:19:35","guid":{"rendered":"https:\/\/chacosintesis.com.ar\/?p=15256"},"modified":"2022-05-03T10:37:49","modified_gmt":"2022-05-03T13:37:49","slug":"general-pinedo-un-profesor-quedo-detenido-por-acosar-a-dos-alumnas","status":"publish","type":"post","link":"https:\/\/chacosintesis.com.ar\/index.php\/general-pinedo-un-profesor-quedo-detenido-por-acosar-a-dos-alumnas\/","title":{"rendered":"General Pinedo: Un profesor qued\u00f3 detenido por acosar a dos alumnas"},"content":{"rendered":"<p>Dos adolescentes de quince a\u00f1os, alumnas y compa\u00f1eras de curso, en un colegio secundario de General Pinedo, denunciaron que un profesor las acosaba sexualmente.<br \/>\n El hombre, quien se present\u00f3 de forma voluntaria en la comisar\u00eda, qued\u00f3 detenido, precisaron fuentes del caso a diario NORTE.<br \/>\n Este diario pudo establecer que sobre el presunto acoso a las adolescentes, se tom\u00f3 conocimiento durante el fin de semana, y las denuncias fueron realizadas por parte de los padres de dos estudiantes de 15 a\u00f1os, quienes manifestaron que sus hijas estaban siendo acosadas por un profesor del colegio al cual asisten.<br \/>\nSi bien el fiscal orden\u00f3 la aprehensi\u00f3n del hombre, este, enterado de la acusaci\u00f3n en su contra por parte de las menores, se present\u00f3 por propia voluntad en la comisar\u00eda local, y qued\u00f3 detenido.<br \/>\nEn las pr\u00f3ximas horas tomar\u00e1 conocimiento de la imputaci\u00f3n, y posteriormente cuando la fiscal\u00eda interviniente lo disponga, el educador tendr\u00e1 que prestar declaraci\u00f3n de imputado.<br \/>\n\u00bfM\u00e1s casos?<br \/>\nSeg\u00fan fuentes consultadas, los hechos se habr\u00edan conocido por denuncias an\u00f3nimas, en primera instancia, en el marco de una jornada institucional de convivencia en la instituci\u00f3n. Durante esta jornada, ser\u00edan m\u00e1s de dos las adolescentes que habr\u00edan comunicado la conducta del docente, que vendr\u00eda de tiempo atr\u00e1s.  Por el momento, solo dos presentaron su denuncia a la justicia.<\/p>\n","protected":false},"excerpt":{"rendered":"<p>Dos adolescentes de quince a\u00f1os, alumnas y compa\u00f1eras de curso, en un colegio secundario de General Pinedo, denunciaron que un profesor las acosaba sexualmente. El hombre, quien se present\u00f3 de forma voluntaria en la comisar\u00eda, qued\u00f3 detenido, precisaron fuentes del caso a diario NORTE. Este diario pudo establecer que sobre el presunto acoso a las [&hellip;]<\/p>\n","protected":false},"author":1,"featured_media":15257,"comment_status":"closed","ping_status":"closed","sticky":false,"template":"","format":"standard","meta":{"footnotes":""},"categories":[6],"tags":[],"class_list":{"0":"post-15256","1":"post","2":"type-post","3":"status-publish","4":"format-standard","5":"has-post-thumbnail","7":"category-chaco"},"_links":{"self":[{"href":"https:\/\/chacosintesis.com.ar\/index.php\/wp-json\/wp\/v2\/posts\/15256","targetHints":{"allow":["GET"]}}],"collection":[{"href":"https:\/\/chacosintesis.com.ar\/index.php\/wp-json\/wp\/v2\/posts"}],"about":[{"href":"https:\/\/chacosintesis.com.ar\/index.php\/wp-json\/wp\/v2\/types\/post"}],"author":[{"embeddable":true,"href":"https:\/\/chacosintesis.com.ar\/index.php\/wp-json\/wp\/v2\/users\/1"}],"replies":[{"embeddable":true,"href":"https:\/\/chacosintesis.com.ar\/index.php\/wp-json\/wp\/v2\/comments?post=15256"}],"version-history":[{"count":0,"href":"https:\/\/chacosintesis.com.ar\/index.php\/wp-json\/wp\/v2\/posts\/15256\/revisions"}],"wp:featuredmedia":[{"embeddable":true,"href":"https:\/\/chacosintesis.com.ar\/index.php\/wp-json\/wp\/v2\/media\/15257"}],"wp:attachment":[{"href":"https:\/\/chacosintesis.com.ar\/index.php\/wp-json\/wp\/v2\/media?parent=15256"}],"wp:term":[{"taxonomy":"category","embeddable":true,"href":"https:\/\/chacosintesis.com.ar\/index.php\/wp-json\/wp\/v2\/categories?post=15256"},{"taxonomy":"post_tag","embeddable":true,"href":"https:\/\/chacosintesis.com.ar\/index.php\/wp-json\/wp\/v2\/tags?post=15256"}],"curies":[{"name":"wp","href":"https:\/\/api.w.org\/{rel}","templated":true}]}}