{"id":15241,"date":"2022-05-02T19:23:43","date_gmt":"2022-05-02T22:23:43","guid":{"rendered":"https:\/\/chacosintesis.com.ar\/?p=15241"},"modified":"2022-05-02T20:06:57","modified_gmt":"2022-05-02T23:06:57","slug":"agronea-2022-mas-expositores-y-rediseno-del-predio","status":"publish","type":"post","link":"https:\/\/chacosintesis.com.ar\/index.php\/agronea-2022-mas-expositores-y-rediseno-del-predio\/","title":{"rendered":"Agronea 2022: m\u00e1s expositores y redise\u00f1o del predio"},"content":{"rendered":"<p>Habr\u00e1 dos remates para el sector ganadero; el primer Rosgan del norte grande y el tradicional remate de la muestra.<br \/>\n Gabriel Alegre, gerente comercial de Agronea adelant\u00f3 las novedades sobre el redise\u00f1o del predio, y las expectativas -a menos de dos meses- para la 19\u00b0 edici\u00f3n, que se realizar\u00e1 del 1 al 3 de julio en Charata, Chaco.<\/p>\n<p>&#8220;Estamos trabajando, y estamos contentos con la expectativa que hay. Se han sumado muchas empresas y esto es algo muy importante para Agronea y para la regi\u00f3n. Las principales marcas del sector confirmaron su participaci\u00f3n, un r\u00e9cord de sponsors oficiales para la muestra, que ya ser\u00e1 m\u00e1s grande que 2021&#8221;, explic\u00f3 Alegre.<br \/>\nDe cara a lo que ser\u00e1 el sorteo de espacios, programado para el 8 de junio (que deja un 80 por ciento armada la exposici\u00f3n) la confirmaci\u00f3n de marcas nacionales, internacionales tanto de agricultura como de ganader\u00eda comienzan a darle forma a la 19\u00b0 edici\u00f3n.<br \/>\nRedise\u00f1o del predio<br \/>\n&#8220;El redise\u00f1o del predio para este 2022 mostrar\u00e1  m\u00e1s salones de capacitaci\u00f3n. Muchas empresas realizar\u00e1n eventos propios, por ejemplo Dolbi que est\u00e1 cumpliendo 60 a\u00f1os y har\u00e1 una presentaci\u00f3n especial en Agronea, como as\u00ed tambi\u00e9n otras empresas&#8221;, adelant\u00f3.<br \/>\nAlegre detall\u00f3 que  el redise\u00f1o del predio se ven\u00eda pensando hace unos a\u00f1os. &#8220;Tendremos una exposici\u00f3n renovada en la distribuci\u00f3n, con caminos, sectores nuevos para que los visitantes se sienta m\u00e1s c\u00f3modos y con mejores servicios dentro de lo que ser\u00e1 la muestra&#8221;, concluy\u00f3.<br \/>\nDoble remate con el martillo de Colombo y Colombo<br \/>\nEl sector ganadero de Agronea 2022 tendr\u00e1 diferentes novedades, adem\u00e1s de la presencia de importantes empresas con todas las novedades del sector, entre las actividades que se llevar\u00e1n adelante, el viernes 1 de julio, desde la 9 de la ma\u00f1ana, a trav\u00e9s de Canal Rural, se llevar\u00e1 a cabo el primer remate Rosgan del norte grande, desde Agronea.<br \/>\nEn tanto que, como ya es tradicional, el s\u00e1bado 2 de julio, despu\u00e9s del mediod\u00eda, con la participaci\u00f3n de caba\u00f1as integradas a las Asociaciones de Criadores del pa\u00eds, se realizar\u00e1 el remate en el predio de la exposici\u00f3n, ambos con el martillo de Colombo y Colombo, empresa dedicada al rubro de comercializaci\u00f3n de hacienda gorda, invernada y campos con m\u00e1s de 30 a\u00f1os de trayectoria en el rubro.<br \/>\nGabriel Carnevale, representante de la firma, se reuni\u00f3 con los integrantes del Comit\u00e9 Organizador de Agronea, para ultimar los detalles de ambos remates. Los interesados pueden inscribirse a trav\u00e9s de <a href=\"mailto:agroneacharata@gmail.com\" >agroneacharata@gmail.com<\/a> y  los tel\u00e9fonos 03731-421378 (fijo) o 3794 22-2011 (celular).<br \/>\nCabe destacar que otra de las novedades ser\u00e1 el sal\u00f3n de Capacitaciones, exclusivo para la ganader\u00eda, con destacados expertos del sector.<br \/>\n DIARIO NORTE.-<\/p>\n","protected":false},"excerpt":{"rendered":"<p>Habr\u00e1 dos remates para el sector ganadero; el primer Rosgan del norte grande y el tradicional remate de la muestra. Gabriel Alegre, gerente comercial de Agronea adelant\u00f3 las novedades sobre el redise\u00f1o del predio, y las expectativas -a menos de dos meses- para la 19\u00b0 edici\u00f3n, que se realizar\u00e1 del 1 al 3 de julio [&hellip;]<\/p>\n","protected":false},"author":1,"featured_media":15242,"comment_status":"closed","ping_status":"closed","sticky":false,"template":"","format":"standard","meta":{"footnotes":""},"categories":[6],"tags":[],"class_list":{"0":"post-15241","1":"post","2":"type-post","3":"status-publish","4":"format-standard","5":"has-post-thumbnail","7":"category-chaco"},"_links":{"self":[{"href":"https:\/\/chacosintesis.com.ar\/index.php\/wp-json\/wp\/v2\/posts\/15241","targetHints":{"allow":["GET"]}}],"collection":[{"href":"https:\/\/chacosintesis.com.ar\/index.php\/wp-json\/wp\/v2\/posts"}],"about":[{"href":"https:\/\/chacosintesis.com.ar\/index.php\/wp-json\/wp\/v2\/types\/post"}],"author":[{"embeddable":true,"href":"https:\/\/chacosintesis.com.ar\/index.php\/wp-json\/wp\/v2\/users\/1"}],"replies":[{"embeddable":true,"href":"https:\/\/chacosintesis.com.ar\/index.php\/wp-json\/wp\/v2\/comments?post=15241"}],"version-history":[{"count":0,"href":"https:\/\/chacosintesis.com.ar\/index.php\/wp-json\/wp\/v2\/posts\/15241\/revisions"}],"wp:featuredmedia":[{"embeddable":true,"href":"https:\/\/chacosintesis.com.ar\/index.php\/wp-json\/wp\/v2\/media\/15242"}],"wp:attachment":[{"href":"https:\/\/chacosintesis.com.ar\/index.php\/wp-json\/wp\/v2\/media?parent=15241"}],"wp:term":[{"taxonomy":"category","embeddable":true,"href":"https:\/\/chacosintesis.com.ar\/index.php\/wp-json\/wp\/v2\/categories?post=15241"},{"taxonomy":"post_tag","embeddable":true,"href":"https:\/\/chacosintesis.com.ar\/index.php\/wp-json\/wp\/v2\/tags?post=15241"}],"curies":[{"name":"wp","href":"https:\/\/api.w.org\/{rel}","templated":true}]}}