{"id":15185,"date":"2022-04-28T00:31:02","date_gmt":"2022-04-28T03:31:02","guid":{"rendered":"https:\/\/chacosintesis.com.ar\/?p=15185"},"modified":"2022-04-28T00:37:04","modified_gmt":"2022-04-28T03:37:04","slug":"con-amplia-participacion-de-la-comunidad-la-legislatura-volvio-a-sesionar-en-el-interior-provincial","status":"publish","type":"post","link":"https:\/\/chacosintesis.com.ar\/index.php\/con-amplia-participacion-de-la-comunidad-la-legislatura-volvio-a-sesionar-en-el-interior-provincial\/","title":{"rendered":"Con amplia participaci\u00f3n de la comunidad, la Legislatura volvi\u00f3 a sesionar en el interior provincial"},"content":{"rendered":"<p>El amplio temario tratado por las y los diputados de las distintas bancadas consisti\u00f3 en iniciativas que benefician a Charata y representan la cercan\u00eda de la Casa de la Democracia con las localidades del interior provincial por medio del programa Sesionemos Juntos. La presidenta del Poder Legislativo, Elida Cuesta, resalt\u00f3 el recibimiento de las y los ciudadanos charatenses.<br \/>\n La presidenta del Poder Legislativo, Elida Cuesta, resalt\u00f3 el recibimiento de las y los ciudadanos charatenses para la concreci\u00f3n de la novena sesi\u00f3n ordinaria, que se desarroll\u00f3  este mi\u00e9rcoles en las instalaciones de la escuela 173 Malvinas Argentinas. El amplio temario tratado por las y los diputados de las distintas bancadas consisti\u00f3 en iniciativas que benefician a Charata y representan la cercan\u00eda de la Casa de la Democracia con las localidades del interior provincial por medio del programa Sesionemos Juntos.<br \/>\nLas actividades comenzaron por la ma\u00f1ana con el izamiento del pabell\u00f3n nacional en plaza central, descubrimiento de placas alusivas en el municipio e intercambio de presentes entre los legisladores, la intendenta Alejandra Campos y los concejales. Luego la comitiva visit\u00f3 Centro de Excombatientes de Malvinas Soldado Juan Roberto Ledesma, en el marco del 40 aniversario del D\u00eda del Veterano y de los Ca\u00eddos en la Guerra de Malvinas.<\/p>\n<p>Reconocimientos<br \/>\n Previamente al inicio de sesi\u00f3n se realizaron homenajes a instituciones educativas y personalidades locales como ser Zulema Melchor, Rosa Mirta Paz, Marie Pierre Fuster, la escuela N\u00ba 120 Oreste \u00c1ngel Genovesio y la agrupaci\u00f3n Muchacha Charata.<br \/>\nCuesta agradeci\u00f3 la calidez del pueblo charatense y remarc\u00f3 que los legisladores como representantes de las y los chaque\u00f1os deben estar cerca de la gente. \u201cNos emociona y conmueve recorrer el interior provincial, no podemos hablar de federalismo si no lo ejercemos en nuestra propia provincia y eso es lo que buscamos con estas acciones: estar cerca del Chaco profundo, poniendo la cara ante nuestro pueblo, recibiendo sus demandas, pero tambi\u00e9n el cari\u00f1o y el afecto de cada localidad que visitamos\u201d, asegur\u00f3.<br \/>\nAsimismo, resalt\u00f3 que \u201cCharata tiene un potencial incre\u00edble, no solo en el sector productivo, tambi\u00e9n en su gente, que trabaja todos los d\u00edas para construir una localidad pujante que es el motor del desarrollo de nuestra provincia\u201d.<br \/>\nLa presidenta destac\u00f3, adem\u00e1s, la importancia de realizar las sesiones en establecimientos educativos, lo cual permite el contacto con las ni\u00f1as, los ni\u00f1os y los j\u00f3venes. \u201cEl abrazo de un ni\u00f1o nos reconforta el alma, recibir sus preguntas e inquietudes nos obliga a rendir cuentas como representantes del pueblo; ojal\u00e1 podamos despertar en ellos el inter\u00e9s por la buena pol\u00edtica, que no es m\u00e1s que servir al pr\u00f3jimo\u201d, afirm\u00f3.<br \/>\nPor su parte, la intendenta Alejandra Campos manifest\u00f3 su gratitud a los legisladores por elegir nuevamente a Charata para retomar el programa Sesionemos Juntos y asegur\u00f3 que la Casa de la Democracia dimension\u00f3 la calidad de su pueblo. \u201cEn estos d\u00edas de visita de nuestros legisladores se llevaron una real dimensi\u00f3n de la calidad de nuestra gente de todo lo que hacen para el beneficio de la nuestra comunidad, podemos decir orgullosos que somos un pueblo pujante, productivo y con mucha diversidad\u201d, remarc\u00f3.<\/p>\n<p>Contacto con la gente<br \/>\n El legislador Carim Peche coment\u00f3 estar complacido con esta nueva sesi\u00f3n en el interior provincial que permite estar en contacto con las y los ciudadanos para conocer sus problem\u00e1ticas. \u201cLa tarea legislativa est\u00e1 muy bastardeada y hay cosas que por ah\u00ed no se saben, por eso destaco la presencia de mis pares ac\u00e1 en Charata. No hay otra manera de conocer los problemas si no se tiene un contacto directo con la ciudadan\u00eda, con los productores, es muy dif\u00edcil, cada ciudad tiene su idiosincrasia\u201d, explic\u00f3. Tambi\u00e9n expres\u00f3, a ra\u00edz de algunos cuestionamientos, que \u201cgran parte de los gastos de estos viajes al interior corren por cuenta de cada diputado, lo cual es importante decirlo y aclararlo\u201d.<br \/>\nAtlanto Honcheruk resalt\u00f3 el poder compartir con los distintos sectores de la localidad esta sesi\u00f3n del Poder Legislativo. \u201cAgradezco la presencia y la atenci\u00f3n de la intendenta Alejandra Campos, como as\u00ed tambi\u00e9n la decisi\u00f3n de la presidenta Elida Cuesta de sesionar en el interior provincial para mantener este contacto directo con la gente en la b\u00fasqueda de soluciones a las diversas problem\u00e1ticas planteadas por la comunidad\u201d, afirm\u00f3 el legislador.<br \/>\nEl diputado Luis Obeid agradeci\u00f3 a Dios y todas las y los legisladores por estar presentes en una escuela del interior provincial. \u201cAc\u00e1 no vinimos a hacer pol\u00edtica partidaria, vinimos a hacer pol\u00edtica con may\u00fasculas, porque si a partir de esta sesi\u00f3n a los alumnos de esta instituci\u00f3n se les despierta el inter\u00e9s por nuestra patria y nuestras instituciones, nuestra tarea estar\u00e1 cumplida\u201d, asegur\u00f3.<br \/>\nEl presidente del bloque del Frente Integrador, Dar\u00edo Bacileff Ivanoff, manifest\u00f3 que sesionar en el interior provincial refuerza la democracia y la representatividad de los legisladores. Adem\u00e1s, expres\u00f3 que \u201cpara nosotros es muy gratificante recorrer el interior provincial porque mostramos al pueblo chaque\u00f1o el trabajo que hacemos los legisladores y por sobre todas las cosas el trabajo que realizan los trabajadores de nuestro Poder Legislativo. Nadie puede estar en contra de estar cerca de la gente y eso es lo que hacemos con el programa Sesionemos Juntos acompa\u00f1ar a cada uno de los chaque\u00f1os\u201d.<\/p>\n","protected":false},"excerpt":{"rendered":"<p>El amplio temario tratado por las y los diputados de las distintas bancadas consisti\u00f3 en iniciativas que benefician a Charata y representan la cercan\u00eda de la Casa de la Democracia con las localidades del interior provincial por medio del programa Sesionemos Juntos. La presidenta del Poder Legislativo, Elida Cuesta, resalt\u00f3 el recibimiento de las y [&hellip;]<\/p>\n","protected":false},"author":1,"featured_media":15186,"comment_status":"closed","ping_status":"closed","sticky":false,"template":"","format":"standard","meta":{"footnotes":""},"categories":[6],"tags":[],"class_list":{"0":"post-15185","1":"post","2":"type-post","3":"status-publish","4":"format-standard","5":"has-post-thumbnail","7":"category-chaco"},"_links":{"self":[{"href":"https:\/\/chacosintesis.com.ar\/index.php\/wp-json\/wp\/v2\/posts\/15185","targetHints":{"allow":["GET"]}}],"collection":[{"href":"https:\/\/chacosintesis.com.ar\/index.php\/wp-json\/wp\/v2\/posts"}],"about":[{"href":"https:\/\/chacosintesis.com.ar\/index.php\/wp-json\/wp\/v2\/types\/post"}],"author":[{"embeddable":true,"href":"https:\/\/chacosintesis.com.ar\/index.php\/wp-json\/wp\/v2\/users\/1"}],"replies":[{"embeddable":true,"href":"https:\/\/chacosintesis.com.ar\/index.php\/wp-json\/wp\/v2\/comments?post=15185"}],"version-history":[{"count":0,"href":"https:\/\/chacosintesis.com.ar\/index.php\/wp-json\/wp\/v2\/posts\/15185\/revisions"}],"wp:featuredmedia":[{"embeddable":true,"href":"https:\/\/chacosintesis.com.ar\/index.php\/wp-json\/wp\/v2\/media\/15186"}],"wp:attachment":[{"href":"https:\/\/chacosintesis.com.ar\/index.php\/wp-json\/wp\/v2\/media?parent=15185"}],"wp:term":[{"taxonomy":"category","embeddable":true,"href":"https:\/\/chacosintesis.com.ar\/index.php\/wp-json\/wp\/v2\/categories?post=15185"},{"taxonomy":"post_tag","embeddable":true,"href":"https:\/\/chacosintesis.com.ar\/index.php\/wp-json\/wp\/v2\/tags?post=15185"}],"curies":[{"name":"wp","href":"https:\/\/api.w.org\/{rel}","templated":true}]}}