{"id":15175,"date":"2022-04-27T14:32:21","date_gmt":"2022-04-27T17:32:21","guid":{"rendered":"https:\/\/chacosintesis.com.ar\/?p=15175"},"modified":"2022-04-27T14:36:51","modified_gmt":"2022-04-27T17:36:51","slug":"gobierno-y-unicef-acuerdan-una-agenda-de-cooperacion-para-implementar-acciones-para-ninas-ninos-y-adolescentes","status":"publish","type":"post","link":"https:\/\/chacosintesis.com.ar\/index.php\/gobierno-y-unicef-acuerdan-una-agenda-de-cooperacion-para-implementar-acciones-para-ninas-ninos-y-adolescentes\/","title":{"rendered":"Gobierno y Unicef acuerdan una agenda de cooperaci\u00f3n para implementar acciones para ni\u00f1as, ni\u00f1os y adolescentes"},"content":{"rendered":"<p>El gobernador Jorge Capitanich junto a la vicegobernadora Anal\u00eda Rach Quiroga recibieron a la representante de Unicef para la Argentina, Luisa Brumana para establecer una agenda de cooperaci\u00f3n en com\u00fan.<br \/>\nEn el encuentro la representante de Unicef present\u00f3 al gobernador el plan de cooperaci\u00f3n del organismo 2021-2025 para la Argentina.<br \/>\nEl gobernador Capitanich se\u00f1al\u00f3 que con el equipo de Unicef se dialog\u00f3 para desarrollar soluciones en el tratamiento de embarazos adolescentes, el impacto de la pobreza infantil y el dise\u00f1o de un pacto para la infancia que significa tomar medidas concretas que tengan que ver con la disminuci\u00f3n de la pobreza mediante la ejecuci\u00f3n y calidad del ejercicio de los derechos.<br \/>\n\u201cEn la provincia del Chaco contamos con 125 dispositivos de car\u00e1cter social para la contenci\u00f3n de 35.000 ni\u00f1os, ni\u00f1as, adolescentes y j\u00f3venes que son atendidos dentro de programas de asistencia nutricional\u201d, apunto el gobernador.<br \/>\n\u201cSeguimos promoviendo soluciones mediante pol\u00edticas p\u00fablicas en materia de nutrici\u00f3n y formaci\u00f3n t\u00e9cnica y profesional en ambientes rurales y urbanos para garantizar un esquema de movilidad social ascendente\u201d, resalt\u00f3 Capitanich.<br \/>\nEn este contexto asegur\u00f3 que \u201ces un gran acontecimiento contar con un programa de cooperaci\u00f3n con UNICEF en Argentina. Celebramos este acuerdo con la posibilidad de extenderlo y fortalecer nuestra cooperaci\u00f3n en forma conjunta\u201d.<br \/>\nParticiparon de la reuni\u00f3n los ministros de Educaci\u00f3n; Aldo Lineras, de Salud, Carolina Centeno  y de Desarrollo Social, Mar\u00eda P\u00eda Chiacchio Cavana , adem\u00e1s de los equipos t\u00e9cnicos.<br \/>\nProfundizar la cooperaci\u00f3n y establecer prioridades<br \/>\nEn declaraciones a Radio Provincia, la referente de UNICEF Luisa Brumana asegur\u00f3 que junto al gobernador Jorge Capitanich y parte de su gabinete se trabajar\u00e1 en un acuerdo que permita profundizar la cooperaci\u00f3n con la provincia y establecer prioridades en pos de mejorar la vida de las ni\u00f1as, ni\u00f1os y adolescentes.<br \/>\nEl \u201cprograma pa\u00eds\u201d o CPD (Country Program Document)  de UNICEF detalla las prioridades del pa\u00eds para trabajar con ese organismo en los pr\u00f3ximos cinco a\u00f1os, en conjunto con el  Estado y organizaciones civiles, sector privado, academia y otros actores en las \u00e1reas de primera infancia, adolescencia, protecci\u00f3n y prevenci\u00f3n de la violencia, reducci\u00f3n de la pobreza y movilizaci\u00f3n social a favor de la ni\u00f1ez.<br \/>\nBrumana explic\u00f3 que estas acciones prioritarias tienen que ver con : la reducci\u00f3n de inequidades y la pobreza infantil; un enfoque multidimensional para la primera infancia; oportunidades para adolescentes; sistema de protecci\u00f3n social a los grupos m\u00e1s vulnerables y propiciar el involucramiento de toda la sociedad hacia los derechos de los ni\u00f1os.<br \/>\nEn los pr\u00f3ximos d\u00edas los equipos t\u00e9cnicos de Unicef y el Gobierno trabajaran en la elaboraci\u00f3n de un convenio de cooperaci\u00f3n que permita la implementaci\u00f3n de las acciones prioritarias.<br \/>\n MUNA<br \/>\nLa representante de UNICEF adelant\u00f3 que por primera vez en el pa\u00eds se instrumentar\u00e1 una iniciativa municipal, que bajo la denominaci\u00f3n de MUNA  (Municipios Unidos para la Infancia y la Adolescencia ). Brumana asegur\u00f3 que esta iniciativa contempla la coordinaci\u00f3n entre Provincia y los Municipios,  para que con apoyo de Unicef se realice un autodiagn\u00f3stico y el desarrollo de un plan espec\u00edfico para garantizar los derechos de las ni\u00f1as, ni\u00f1os y adolescentes en sus comunidades.<br \/>\nMUNA abarca municipios de nueve provincias, entre las cuales se encuentran Buenos Aires, Santa Fe, C\u00f3rdoba, Entre R\u00edos, Misiones, Chaco, Tucum\u00e1n, Jujuy y Salta.<br \/>\nUNICEF trabaja con los gobiernos municipales para que sit\u00faen a la ni\u00f1ez  en el centro de sus prioridades y se comprometan a mejorar la vida de las ni\u00f1as, ni\u00f1os y adolescentes.<br \/>\nMurana explic\u00f3 que esta iniciativa MUNA tiene mucho que ver con las capacitaciones de los gobiernos locales hacia una planificaci\u00f3n y ejecuci\u00f3n de programas en pos<br \/>\nMUNA ofrece a todos los municipios que se incorporan a la iniciativa participar de un ciclo de formaci\u00f3n dirigido a fortalecer las competencias de gesti\u00f3n a nivel local. Los diferentes m\u00f3dulos ofrecidos en este ciclo de formaci\u00f3n ser\u00e1n impartidos por expertos reconocidos en la materia. Se espera que este curso aporte herramientas \u00fatiles para que los equipos municipales elaboren un autodiagn\u00f3stico sobre la situaci\u00f3n de la ni\u00f1ez y la adolescencia a nivel local.<br \/>\nA partir de los hallazgos del autodiagn\u00f3stico que realicen los equipos municipales, los participantes podr\u00e1n dise\u00f1ar y poner en marcha un Plan de acci\u00f3n con objetivos y actividades que tiendan a resolver las problem\u00e1ticas espec\u00edficas de la ni\u00f1ez y la adolescencia del municipio.<\/p>\n","protected":false},"excerpt":{"rendered":"<p>El gobernador Jorge Capitanich junto a la vicegobernadora Anal\u00eda Rach Quiroga recibieron a la representante de Unicef para la Argentina, Luisa Brumana para establecer una agenda de cooperaci\u00f3n en com\u00fan. En el encuentro la representante de Unicef present\u00f3 al gobernador el plan de cooperaci\u00f3n del organismo 2021-2025 para la Argentina. El gobernador Capitanich se\u00f1al\u00f3 que [&hellip;]<\/p>\n","protected":false},"author":1,"featured_media":15176,"comment_status":"closed","ping_status":"closed","sticky":false,"template":"","format":"standard","meta":{"footnotes":""},"categories":[6],"tags":[],"class_list":{"0":"post-15175","1":"post","2":"type-post","3":"status-publish","4":"format-standard","5":"has-post-thumbnail","7":"category-chaco"},"_links":{"self":[{"href":"https:\/\/chacosintesis.com.ar\/index.php\/wp-json\/wp\/v2\/posts\/15175","targetHints":{"allow":["GET"]}}],"collection":[{"href":"https:\/\/chacosintesis.com.ar\/index.php\/wp-json\/wp\/v2\/posts"}],"about":[{"href":"https:\/\/chacosintesis.com.ar\/index.php\/wp-json\/wp\/v2\/types\/post"}],"author":[{"embeddable":true,"href":"https:\/\/chacosintesis.com.ar\/index.php\/wp-json\/wp\/v2\/users\/1"}],"replies":[{"embeddable":true,"href":"https:\/\/chacosintesis.com.ar\/index.php\/wp-json\/wp\/v2\/comments?post=15175"}],"version-history":[{"count":0,"href":"https:\/\/chacosintesis.com.ar\/index.php\/wp-json\/wp\/v2\/posts\/15175\/revisions"}],"wp:featuredmedia":[{"embeddable":true,"href":"https:\/\/chacosintesis.com.ar\/index.php\/wp-json\/wp\/v2\/media\/15176"}],"wp:attachment":[{"href":"https:\/\/chacosintesis.com.ar\/index.php\/wp-json\/wp\/v2\/media?parent=15175"}],"wp:term":[{"taxonomy":"category","embeddable":true,"href":"https:\/\/chacosintesis.com.ar\/index.php\/wp-json\/wp\/v2\/categories?post=15175"},{"taxonomy":"post_tag","embeddable":true,"href":"https:\/\/chacosintesis.com.ar\/index.php\/wp-json\/wp\/v2\/tags?post=15175"}],"curies":[{"name":"wp","href":"https:\/\/api.w.org\/{rel}","templated":true}]}}