{"id":15167,"date":"2022-04-26T13:08:15","date_gmt":"2022-04-26T16:08:15","guid":{"rendered":"https:\/\/chacosintesis.com.ar\/?p=15167"},"modified":"2022-04-26T13:37:23","modified_gmt":"2022-04-26T16:37:23","slug":"peche-presento-un-proyecto-de-ley-para-impedir-descuentos-a-jubilados","status":"publish","type":"post","link":"https:\/\/chacosintesis.com.ar\/index.php\/peche-presento-un-proyecto-de-ley-para-impedir-descuentos-a-jubilados\/","title":{"rendered":"Peche present\u00f3 un proyecto de ley para impedir descuentos a jubilados"},"content":{"rendered":"<div>El presidente del Interbloque de la UCR, Carim Peche, present\u00f3 un proyecto de Ley con el fin de bloquear cualquier intento presente o futuro de descontar a jubilados y pensionados\u00a0 cargos por bonificaciones o nuevos rubros que reciban los trabajadores en actividad.<\/div>\n<div>Sobre el objetivo de esta iniciativa Peche se\u00f1al\u00f3 \u201cEl gobernador Capitanich envi\u00f3 a la Legislatura el proyecto de Ley 662\/22 para modificar la Ley 800-H (Ex 4044), iniciativa por la cual se habilita al Insssep a descontar a jubilados y pensionados cargos por bonificaciones o nuevos rubros que reciban los trabajadores en actividad,\u00a0 quiere modificar la Ley para convertir en legal lo que es ilegal, inconstitucional\u201d<\/div>\n<div>\u201cExiste amplia jurisprudencia sosteniendo que el r\u00e9gimen de reparto\u00a0 establece que los aportes de los activos de un determinado per\u00edodo financian jubilaciones y pensiones, en un todo de acuerdo a los principios constitucionales\u00a0 \u00a0de movilidad e integralidad jubilatoria (Art 132 y 137 Ley 800-H; Art 14 bis y 17 de la Constituci\u00f3n Nacional; Arts. 29, inc. 10, 40 y 75 de la Constituci\u00f3n Provincial) remarc\u00f3.<\/div>\n<div>\u201cEl Insssep ven\u00eda realizando descuentos de este tipo bas\u00e1ndose en una Resoluci\u00f3n interna del directorio que bajo ning\u00fan concepto invalida las leyes y principios constitucionales, esa decisi\u00f3n arbitraria fue lo que ocasion\u00f3 que jubilados provinciales acudieran a la justicia, la que finalmente resolvi\u00f3 a favor de los demandantes\u201d<\/div>\n<div><\/div>\n<div>Peche record\u00f3 \u201cCapitanich ya intent\u00f3 en sus gestiones anteriores entregar a nuestros jubilados a la Naci\u00f3n, situaci\u00f3n que logramos impedir votando en la Legislatura\u00a0 la modificaci\u00f3n del art\u00edculo 75 de la Constituci\u00f3n provincial,\u00a0 ahora vuelve a arremeter contra uno de los sectores m\u00e1s fr\u00e1giles de la sociedad, adem\u00e1s de una ilegalidad es una inmoralidad\u201d\u00a0<\/div>\n<div>Y adelant\u00f3\u00a0 \u201cFrente a tremendo atropello, present\u00e9 un proyecto de Ley junto a mis pares por el que se incorpora a la Ley 800-H el art\u00edculo 35 Bis: \u201cQuedan exceptuados de aportar al fondo de jubilaciones, retiros y pensiones los beneficiarios del mismo\u201d, todos sabemos que el bloque kirchnerista con sus aliados tienen mayor\u00eda absoluta en la Legislatura provincial, para aprobar una Ley se necesitan 17 votos y ellos suman 21, por lo tanto espero que m\u00e1s all\u00e1 de las ideolog\u00edas prevalezca el sentido com\u00fan y podamos coincidir en la necesidad de defender los derechos de nuestros jubilados y pensionados en el presente y a futuro\u201d\u00a0<\/div>\n","protected":false},"excerpt":{"rendered":"<p>El presidente del Interbloque de la UCR, Carim Peche, present\u00f3 un proyecto de Ley con el fin de bloquear cualquier intento presente o futuro de descontar a jubilados y pensionados\u00a0 cargos por bonificaciones o nuevos rubros que reciban los trabajadores en actividad. Sobre el objetivo de esta iniciativa Peche se\u00f1al\u00f3 \u201cEl gobernador Capitanich envi\u00f3 a [&hellip;]<\/p>\n","protected":false},"author":1,"featured_media":15168,"comment_status":"closed","ping_status":"closed","sticky":false,"template":"","format":"standard","meta":{"footnotes":""},"categories":[6],"tags":[],"class_list":{"0":"post-15167","1":"post","2":"type-post","3":"status-publish","4":"format-standard","5":"has-post-thumbnail","7":"category-chaco"},"_links":{"self":[{"href":"https:\/\/chacosintesis.com.ar\/index.php\/wp-json\/wp\/v2\/posts\/15167","targetHints":{"allow":["GET"]}}],"collection":[{"href":"https:\/\/chacosintesis.com.ar\/index.php\/wp-json\/wp\/v2\/posts"}],"about":[{"href":"https:\/\/chacosintesis.com.ar\/index.php\/wp-json\/wp\/v2\/types\/post"}],"author":[{"embeddable":true,"href":"https:\/\/chacosintesis.com.ar\/index.php\/wp-json\/wp\/v2\/users\/1"}],"replies":[{"embeddable":true,"href":"https:\/\/chacosintesis.com.ar\/index.php\/wp-json\/wp\/v2\/comments?post=15167"}],"version-history":[{"count":0,"href":"https:\/\/chacosintesis.com.ar\/index.php\/wp-json\/wp\/v2\/posts\/15167\/revisions"}],"wp:featuredmedia":[{"embeddable":true,"href":"https:\/\/chacosintesis.com.ar\/index.php\/wp-json\/wp\/v2\/media\/15168"}],"wp:attachment":[{"href":"https:\/\/chacosintesis.com.ar\/index.php\/wp-json\/wp\/v2\/media?parent=15167"}],"wp:term":[{"taxonomy":"category","embeddable":true,"href":"https:\/\/chacosintesis.com.ar\/index.php\/wp-json\/wp\/v2\/categories?post=15167"},{"taxonomy":"post_tag","embeddable":true,"href":"https:\/\/chacosintesis.com.ar\/index.php\/wp-json\/wp\/v2\/tags?post=15167"}],"curies":[{"name":"wp","href":"https:\/\/api.w.org\/{rel}","templated":true}]}}