{"id":15112,"date":"2022-04-21T12:32:06","date_gmt":"2022-04-21T15:32:06","guid":{"rendered":"https:\/\/chacosintesis.com.ar\/?p=15112"},"modified":"2022-04-21T13:07:44","modified_gmt":"2022-04-21T16:07:44","slug":"lineras-encabezo-el-inicio-de-ciclo-lectivo-del-nivel-superior-y-entrego-titulos-a-graduados-en-las-garcitas","status":"publish","type":"post","link":"https:\/\/chacosintesis.com.ar\/index.php\/lineras-encabezo-el-inicio-de-ciclo-lectivo-del-nivel-superior-y-entrego-titulos-a-graduados-en-las-garcitas\/","title":{"rendered":"Lineras encabez\u00f3 el inicio de ciclo lectivo del Nivel Superior y entreg\u00f3 t\u00edtulos a graduados en Las Garcitas"},"content":{"rendered":"<p>El ministro de Educaci\u00f3n Aldo Lineras encabez\u00f3, en la tarde de este mi\u00e9rcoles junto al intendente Sergio Dolce, el acto de inicio de ciclo lectivo del Nivel Superior en la provincia desde el Instituto \u201cMaestro H\u00e9ctor Horacio Dolce\u201d de Las Garcitas. En la oportunidad adem\u00e1s entreg\u00f3 75 t\u00edtulos a graduadas y graduados de los profesorados superiores en Educaci\u00f3n F\u00edsica, Educaci\u00f3n Inicial, Educaci\u00f3n Secundaria de Matem\u00e1tica, Primaria, Artes Visuales y Bibliotecolog\u00eda.<br \/>\nLineras felicit\u00f3 a las autoridades, docentes y no docentes, y todas y todos quienes trabajan para completar una formaci\u00f3n de carreras de grado. \u201cEstos graduados y graduadas merecen las felicitaciones por el esfuerzo que hicieron, por su logro personal y colectivo gracias a sus familias que han acompa\u00f1ado\u201d, manifest\u00f3.<br \/>\nAdem\u00e1s destac\u00f3 el compromiso y acompa\u00f1amiento del intendente. \u201cMuchos intendentes, como el de Las Garcitas, han venido acompa\u00f1ando a la educaci\u00f3n, reciben reclamos, y se hacen eco de las demandas, por eso la presencia del intendente es trascendente\u201d, agreg\u00f3.<br \/>\nEl ministro remarc\u00f3 que el desaf\u00edo es agilizar y fortalecer la carrera docente. \u201cQue la lista de espera de cargos sea \u00e1gil y transparente, que puedan tener un sistema laboral que los reciba, universalizar las salas de 3, 4 y 5 para que los ni\u00f1os y ni\u00f1as que acceden tengan a los y las docentes con preparaci\u00f3n.Sabemos que no hay futuro posible sin una fuerte educaci\u00f3n superior, ya que permite desarrollar conciencia cr\u00edtica\u201d, afirm\u00f3.<br \/>\nTambi\u00e9n estuvieron presentes en la oportunidad el subsecretario de Formaci\u00f3n Docente e Investigaci\u00f3n Educativa Favio Alvarenga, la directora de Educaci\u00f3n Superior Claudia Quintana Bord\u00f3n, la rectora de la instituci\u00f3n Laura Omega, la directora de Curr\u00edculum del ministerio Lilian Ben\u00edtez, entre otras entre otras autoridades municipales y educativas.<br \/>\nForo educativo superior para la regi\u00f3n<br \/>\nEl intendente Dolce remarc\u00f3 la importancia para toda la comunidad de contar con este instituto de 12 a\u00f1os con m\u00e1s de 1000 estudiantes en diferentes carreras. \u201cNo es f\u00e1cil llevar adelante esta casa de estudios con una alta calidad educativa pero sepan que este intendente los va a acompa\u00f1ar siempre, porque el sue\u00f1o desde el primer d\u00eda siempre fue lo que hoy estamos logrando: un foro educativo superior para toda la regi\u00f3n\u201d, indic\u00f3 a la comunidad educativa del establecimiento.<br \/>\n\u201cAc\u00e1 hay muchos j\u00f3venes que no tienen la posibilidad de ir a un casco urbano para estudiar, por eso gestamos este instituto. Hice un compromiso con las y los profesores, rectora y la comunidad educativa de seguir creciendo\u201d, sostuvo.<br \/>\nLa rectora del IES Laura Omega asegur\u00f3 que \u201chay una identidad inscrita en esta historia institucional: inclusi\u00f3n, compromiso con el trabajo como base en este nuevo desaf\u00edo en la tarea como formadores, las pol\u00edticas educativas nos gu\u00edan y orientan en la toma de decisiones\u201d.<\/p>\n<p>La oferta acad\u00e9mica<br \/>\nEste instituto cuenta con una oferta educativa de Profesorado para la Educaci\u00f3n Primaria, Educaci\u00f3n Inicial, Superior en Artes Visuales con orientaci\u00f3n grabado\/pintura\/escultura, Superior en Educaci\u00f3n F\u00edsica, Profesorado para la Formaci\u00f3n Docente en Bibliotecolog\u00eda, Educaci\u00f3n Secundaria en Matem\u00e1tica, Educaci\u00f3n Especial con orientaci\u00f3n en discapacidad intelectual. Tiene una matr\u00edcula 1350 estudiantes y son 300 ingresantes en el 2022.<br \/>\nActualmente, la Educaci\u00f3n Superior en el Chaco cuenta con 49 institutos de Formaci\u00f3n Docente: ocho institutos dictan carreras de Formaci\u00f3n Docente, seis solo dictan carreras de Tecnicaturas, y 35 institutos carreras de Formaci\u00f3n Docente y Tecnicaturas.<\/p>\n","protected":false},"excerpt":{"rendered":"<p>El ministro de Educaci\u00f3n Aldo Lineras encabez\u00f3, en la tarde de este mi\u00e9rcoles junto al intendente Sergio Dolce, el acto de inicio de ciclo lectivo del Nivel Superior en la provincia desde el Instituto \u201cMaestro H\u00e9ctor Horacio Dolce\u201d de Las Garcitas. En la oportunidad adem\u00e1s entreg\u00f3 75 t\u00edtulos a graduadas y graduados de los profesorados [&hellip;]<\/p>\n","protected":false},"author":1,"featured_media":15113,"comment_status":"closed","ping_status":"closed","sticky":false,"template":"","format":"standard","meta":{"footnotes":""},"categories":[6],"tags":[],"class_list":{"0":"post-15112","1":"post","2":"type-post","3":"status-publish","4":"format-standard","5":"has-post-thumbnail","7":"category-chaco"},"_links":{"self":[{"href":"https:\/\/chacosintesis.com.ar\/index.php\/wp-json\/wp\/v2\/posts\/15112","targetHints":{"allow":["GET"]}}],"collection":[{"href":"https:\/\/chacosintesis.com.ar\/index.php\/wp-json\/wp\/v2\/posts"}],"about":[{"href":"https:\/\/chacosintesis.com.ar\/index.php\/wp-json\/wp\/v2\/types\/post"}],"author":[{"embeddable":true,"href":"https:\/\/chacosintesis.com.ar\/index.php\/wp-json\/wp\/v2\/users\/1"}],"replies":[{"embeddable":true,"href":"https:\/\/chacosintesis.com.ar\/index.php\/wp-json\/wp\/v2\/comments?post=15112"}],"version-history":[{"count":0,"href":"https:\/\/chacosintesis.com.ar\/index.php\/wp-json\/wp\/v2\/posts\/15112\/revisions"}],"wp:featuredmedia":[{"embeddable":true,"href":"https:\/\/chacosintesis.com.ar\/index.php\/wp-json\/wp\/v2\/media\/15113"}],"wp:attachment":[{"href":"https:\/\/chacosintesis.com.ar\/index.php\/wp-json\/wp\/v2\/media?parent=15112"}],"wp:term":[{"taxonomy":"category","embeddable":true,"href":"https:\/\/chacosintesis.com.ar\/index.php\/wp-json\/wp\/v2\/categories?post=15112"},{"taxonomy":"post_tag","embeddable":true,"href":"https:\/\/chacosintesis.com.ar\/index.php\/wp-json\/wp\/v2\/tags?post=15112"}],"curies":[{"name":"wp","href":"https:\/\/api.w.org\/{rel}","templated":true}]}}