{"id":15106,"date":"2022-04-20T14:50:09","date_gmt":"2022-04-20T17:50:09","guid":{"rendered":"https:\/\/chacosintesis.com.ar\/?p=15106"},"modified":"2022-04-20T15:07:44","modified_gmt":"2022-04-20T18:07:44","slug":"alimentos-a-precios-justos-con-mas-de-70-productos-en-lista-el-gobierno-lanzo-el-programa-almacenes-y-mercados-populares","status":"publish","type":"post","link":"https:\/\/chacosintesis.com.ar\/index.php\/alimentos-a-precios-justos-con-mas-de-70-productos-en-lista-el-gobierno-lanzo-el-programa-almacenes-y-mercados-populares\/","title":{"rendered":"Alimentos a Precios Justos: con m\u00e1s de 70 productos en lista, el gobierno Lanz\u00f3 el programa almacenes y mercados populares"},"content":{"rendered":"<p>El gobernador Jorge Capitanich y la vicegobernadora Anal\u00eda Rach Quiroga pusieron en marcha el programa Almacenes y Mercados Populares que tiene como objetivo impulsar el consumo y la comercializaci\u00f3n directa con m\u00e1s de 70 productos locales. \u201cEstamos reduciendo los costos de la intermediaci\u00f3n, estamos otorgando equidad entre productor y consumidor\u201d, remarc\u00f3 el mandatario.<br \/>\nLos Almacenes y Mercados Populares ofrecer\u00e1n los productos de forma directa y a precios accesibles, facilitando el acceso a la cadena de comercializaci\u00f3n de m\u00e1s trabajadoras y trabajadores de la Econom\u00eda Popular. En la oportunidad, el Ejecutivo rubric\u00f3 acuerdos con 16 municipios para la construcci\u00f3n de almacenes populares fijos que implican una inversi\u00f3n de 67 millones de pesos.<br \/>\nEl programa tiene tres ejes centrales: el primero, Almacenes Populares que implica la conformaci\u00f3n de espacios fijos de comercializaci\u00f3n para la producci\u00f3n de alimentos, as\u00ed como de otros bienes producidos por la econom\u00eda popular. El segundo, Mercados Populares que se trata de espacios itinerantes donde trabajadores y trabajadoras de la econom\u00eda popular comercialicen bienes y promocionen servicios. Y, el tercero, Almac\u00e9n L\u00ednea que es de acceso universal, p\u00fablico y gratuito, donde se podr\u00e1n encontrar cat\u00e1logos de productos y productores vinculados a los mercados populares.<br \/>\n\u201cDesarrollamos un programa que, por un lado, brinda herramientas a nuestras comunidades para que puedan acceder a bienes a precios accesibles y, por el otro, garantiza a los productores que vender\u00e1n toda su producci\u00f3n a un buen precio\u201d, se\u00f1al\u00f3 Capitanich.<br \/>\n\u201cTener almacenes populares es garantizar una variada oferta de productos de excelente calidad. Es, adem\u00e1s, reducir la intermediaci\u00f3n poniendo en contacto al productor con el consumidor. Estamos reduciendo los costos de la intermediaci\u00f3n, estamos otorgando equidad entre productor y consumidor. Estamos brindando herramientas a nuestras comunidades, donde se potencia la agricultura familiar y se generan las condiciones para el desarrollo\u201d, asever\u00f3 el mandatario.<br \/>\n&#8220;Esta es una medida que tiende a proteger el ingreso de los chaque\u00f1os, que busca ganarle a la inflaci\u00f3n y luchar contra el incremento de precios, y sobre todo que valora el trabajo de muchos hombres y mujeres que le ponen much\u00edsima garra y laburan todos los d\u00edas para estar mejor. Por eso como Estado vamos a facilitarle la intermediaci\u00f3n con el consumidor&#8221;, remarc\u00f3 por su parte la ministra de Desarrollo Social, P\u00eda Chiacchio Cavana.<br \/>\nAlmacenes populares<br \/>\nEl acto de lanzamiento, que tuvo lugar este mi\u00e9rcoles en la plaza de la Integraci\u00f3n, los municipios de Presidencia de la Plaza, Margarita Bel\u00e9n, Colonia Ben\u00edtez, Corzuela, Charata, Machagai, Puerto Bermejo, General Pinedo y Barranqueras rubricaron los convenios para la asistencia financiera que posibilitar\u00e1 la construcci\u00f3n de los almacenes y mercados fijos.<br \/>\nMientras que los municipios de Colonia Elisa, Concepci\u00f3n del Bermejo, General San Mart\u00edn, Juan Jos\u00e9 Castelli, Las Palmas, Puerto Vilelas y San Bernardo tendr\u00e1n sus mercados a trav\u00e9s del Plan de Obra Provincial.<br \/>\nLos mercados ofrecer\u00e1n 32 cortes de carne de muy buena calidad manufacturados por la cooperativa Unidos; 12 clases de pescados y sus derivados ofrecidos por la cooperativa Copecha; verduras y hortalizas de estaci\u00f3n, producidos por la cooperativa 24 de Abril, Fundaci\u00f3n de Oficios y Emprendedores Independientes; panificados y pastas fabricados por la Fundaci\u00f3n Felisa, Fundaci\u00f3n Sue\u00f1os y Esperanzas, cooperativa Don Ram\u00f3n y emprendedores independientes; adem\u00e1s de conservas elaboradas por el emprendedor independiente.<br \/>\nParticiparon de la presentaci\u00f3n la ministra de Desarrollo Social, P\u00eda Chiacchio Cavana; el ministro de Planificaci\u00f3n, Econom\u00eda e Infraestructura, Santiago P\u00e9rez Pons; la intendenta de Barranqueras Magda Ayala; los intendentes Diego Bernachea de Presidencia la Plaza, Javier Mart\u00ednez de Margarita Bel\u00e9n; Franco Ciucci de General Pinedo; Isaac Velozo de Puerto Bermejo; Sergio Phipps de Colonia Ben\u00edtez; y Pedro Maidana de Colonia Elisa; entre otras y otros funcionarios provinciales.<br \/>\nDinamizar la econom\u00eda popular y familiar<br \/>\nEl intendente de Margarita Bel\u00e9n celebr\u00f3 que a partir de esta iniciativa, la hist\u00f3rica cooperativa \u201cEl Triunfo\u201d de m\u00e1s de 100 a\u00f1os, volver\u00e1 a abrir sus puertas. \u201cTambi\u00e9n es un aporte muy importante para los productores del Departamento 1\u00b0 de Mayo, que podr\u00e1n comercializar sus productos en este mercado concentrador con la certeza de que lo que produzcan podr\u00e1n venderlo\u201d, a\u00f1adi\u00f3.<br \/>\nSergio Escobar, de la cooperativa 24 de Abril que nuclea a 25 familias abocadas a la producci\u00f3n de verduras org\u00e1nicas, agradeci\u00f3 el acompa\u00f1amiento del Estado en la generaci\u00f3n de nuevos espacios de comercializaci\u00f3n. \u201cEsto es muy bueno para poder vender nuestros productos y aumentar el n\u00famero de clientes\u201d, dijo.<br \/>\nRespaldo permanente<br \/>\nEl ministro de Planificaci\u00f3n, Econom\u00eda e Infraestructura, Santiago P\u00e9rez Pons record\u00f3 que &#8220;en este contexto econ\u00f3mico el gobierno provincial ha tomado medidas para aliviar los bolsillos de las familias chaque\u00f1as: descuentos en farmacias y supermercados con Tarjeta Tuya, generar estos espacios para acercar a los barrios productos locales a precios accesibles y la implementaci\u00f3n de Precios Acordados en diversos comercios&#8221;.<\/p>\n","protected":false},"excerpt":{"rendered":"<p>El gobernador Jorge Capitanich y la vicegobernadora Anal\u00eda Rach Quiroga pusieron en marcha el programa Almacenes y Mercados Populares que tiene como objetivo impulsar el consumo y la comercializaci\u00f3n directa con m\u00e1s de 70 productos locales. \u201cEstamos reduciendo los costos de la intermediaci\u00f3n, estamos otorgando equidad entre productor y consumidor\u201d, remarc\u00f3 el mandatario. Los Almacenes [&hellip;]<\/p>\n","protected":false},"author":1,"featured_media":15107,"comment_status":"closed","ping_status":"closed","sticky":false,"template":"","format":"standard","meta":{"footnotes":""},"categories":[6],"tags":[],"class_list":{"0":"post-15106","1":"post","2":"type-post","3":"status-publish","4":"format-standard","5":"has-post-thumbnail","7":"category-chaco"},"_links":{"self":[{"href":"https:\/\/chacosintesis.com.ar\/index.php\/wp-json\/wp\/v2\/posts\/15106","targetHints":{"allow":["GET"]}}],"collection":[{"href":"https:\/\/chacosintesis.com.ar\/index.php\/wp-json\/wp\/v2\/posts"}],"about":[{"href":"https:\/\/chacosintesis.com.ar\/index.php\/wp-json\/wp\/v2\/types\/post"}],"author":[{"embeddable":true,"href":"https:\/\/chacosintesis.com.ar\/index.php\/wp-json\/wp\/v2\/users\/1"}],"replies":[{"embeddable":true,"href":"https:\/\/chacosintesis.com.ar\/index.php\/wp-json\/wp\/v2\/comments?post=15106"}],"version-history":[{"count":0,"href":"https:\/\/chacosintesis.com.ar\/index.php\/wp-json\/wp\/v2\/posts\/15106\/revisions"}],"wp:featuredmedia":[{"embeddable":true,"href":"https:\/\/chacosintesis.com.ar\/index.php\/wp-json\/wp\/v2\/media\/15107"}],"wp:attachment":[{"href":"https:\/\/chacosintesis.com.ar\/index.php\/wp-json\/wp\/v2\/media?parent=15106"}],"wp:term":[{"taxonomy":"category","embeddable":true,"href":"https:\/\/chacosintesis.com.ar\/index.php\/wp-json\/wp\/v2\/categories?post=15106"},{"taxonomy":"post_tag","embeddable":true,"href":"https:\/\/chacosintesis.com.ar\/index.php\/wp-json\/wp\/v2\/tags?post=15106"}],"curies":[{"name":"wp","href":"https:\/\/api.w.org\/{rel}","templated":true}]}}