{"id":15100,"date":"2022-04-20T09:43:57","date_gmt":"2022-04-20T12:43:57","guid":{"rendered":"https:\/\/chacosintesis.com.ar\/?p=15100"},"modified":"2022-04-20T10:06:43","modified_gmt":"2022-04-20T13:06:43","slug":"el-gobierno-provincial-y-el-inai-definen-politicas-en-favor-de-las-comunidades-indigenas","status":"publish","type":"post","link":"https:\/\/chacosintesis.com.ar\/index.php\/el-gobierno-provincial-y-el-inai-definen-politicas-en-favor-de-las-comunidades-indigenas\/","title":{"rendered":"El Gobierno provincial y el INAI definen pol\u00edticas en favor de las comunidades ind\u00edgenas"},"content":{"rendered":"<p>El gobernador Jorge Capitanich se reuni\u00f3 el martes por la noche con la presidenta del Instituto Nacional de Asuntos Ind\u00edgenas (INAI), Magdalena Odarda, para trabajar una agenda en conjunto y lograr consolidar con acciones concretas una reparaci\u00f3n hist\u00f3rica para los pueblos ind\u00edgenas de la provincia.<br \/>\nDurante el encuentro, ambos funcionarios tocaron tres temas espec\u00edficos. El primero de ellos fue avanzar en la implementaci\u00f3n de cursos de formaci\u00f3n profesional interculturales, los cuales ser\u00e1n a trav\u00e9s de talleres m\u00f3viles del Instituto Nacional de Educaci\u00f3n T\u00e9cnica (INET), con el apoyo del Ministerio de Educaci\u00f3n de la Naci\u00f3n.<br \/>\nAl respecto, Odarda explic\u00f3 que \u201cestos se trasladar\u00e1n a distintas comunidades originarias para dictar cursos de oficios sobre la normativa ind\u00edgena y lo que hace a la promoci\u00f3n de derechos, con el auspicio del ministro nacional de Educaci\u00f3n Jaime Perscyk, quien vendr\u00eda a la brevedad al Chaco\u201d.<br \/>\nEn esta l\u00ednea, otro eje de la reuni\u00f3n se bas\u00f3 en acordar entre las partes una voluntad pol\u00edtica para avanzar con el relevamiento territorial de todas las comunidades originarias en la provincia, y poder finalizarlo en el corto plazo, para una mejor aplicaci\u00f3n de pol\u00edticas de inclusi\u00f3n.<br \/>\nEl tercer punto fue una invitaci\u00f3n de la presidenta del INAI para Capitanich a la presentaci\u00f3n de un proyecto de ley que el pr\u00f3ximo 8 de mayo se presentar\u00e1 ante la C\u00e1mara de Diputados. Se trata de la creaci\u00f3n de un fondo de reparaci\u00f3n hist\u00f3rica para ni\u00f1os y ni\u00f1as ind\u00edgenas de la Argentina para garantizar el derecho a la alimentaci\u00f3n, vivienda y acceso al agua. \u201cEs importante que Naci\u00f3n apoye a las provincias al respecto, para no naturalizar situaciones totalmente evitables\u201d, afirm\u00f3 la referente.<br \/>\nPor \u00faltimo, Odarda sostuvo que \u201cen nombre del INAI, nos sentimos muy apoyados por la gesti\u00f3n que est\u00e1 realizando el gobernador Capitanich, quien entiende y manifiesta con sus actos lo que significa la necesidad de reparaci\u00f3n hist\u00f3rica que se merecen los pueblos ind\u00edgenas de la Argentina\u201d.<\/p>\n","protected":false},"excerpt":{"rendered":"<p>El gobernador Jorge Capitanich se reuni\u00f3 el martes por la noche con la presidenta del Instituto Nacional de Asuntos Ind\u00edgenas (INAI), Magdalena Odarda, para trabajar una agenda en conjunto y lograr consolidar con acciones concretas una reparaci\u00f3n hist\u00f3rica para los pueblos ind\u00edgenas de la provincia. Durante el encuentro, ambos funcionarios tocaron tres temas espec\u00edficos. El [&hellip;]<\/p>\n","protected":false},"author":1,"featured_media":15101,"comment_status":"closed","ping_status":"closed","sticky":false,"template":"","format":"standard","meta":{"footnotes":""},"categories":[6],"tags":[],"class_list":{"0":"post-15100","1":"post","2":"type-post","3":"status-publish","4":"format-standard","5":"has-post-thumbnail","7":"category-chaco"},"_links":{"self":[{"href":"https:\/\/chacosintesis.com.ar\/index.php\/wp-json\/wp\/v2\/posts\/15100","targetHints":{"allow":["GET"]}}],"collection":[{"href":"https:\/\/chacosintesis.com.ar\/index.php\/wp-json\/wp\/v2\/posts"}],"about":[{"href":"https:\/\/chacosintesis.com.ar\/index.php\/wp-json\/wp\/v2\/types\/post"}],"author":[{"embeddable":true,"href":"https:\/\/chacosintesis.com.ar\/index.php\/wp-json\/wp\/v2\/users\/1"}],"replies":[{"embeddable":true,"href":"https:\/\/chacosintesis.com.ar\/index.php\/wp-json\/wp\/v2\/comments?post=15100"}],"version-history":[{"count":0,"href":"https:\/\/chacosintesis.com.ar\/index.php\/wp-json\/wp\/v2\/posts\/15100\/revisions"}],"wp:featuredmedia":[{"embeddable":true,"href":"https:\/\/chacosintesis.com.ar\/index.php\/wp-json\/wp\/v2\/media\/15101"}],"wp:attachment":[{"href":"https:\/\/chacosintesis.com.ar\/index.php\/wp-json\/wp\/v2\/media?parent=15100"}],"wp:term":[{"taxonomy":"category","embeddable":true,"href":"https:\/\/chacosintesis.com.ar\/index.php\/wp-json\/wp\/v2\/categories?post=15100"},{"taxonomy":"post_tag","embeddable":true,"href":"https:\/\/chacosintesis.com.ar\/index.php\/wp-json\/wp\/v2\/tags?post=15100"}],"curies":[{"name":"wp","href":"https:\/\/api.w.org\/{rel}","templated":true}]}}