{"id":15096,"date":"2022-04-20T09:33:51","date_gmt":"2022-04-20T12:33:51","guid":{"rendered":"https:\/\/chacosintesis.com.ar\/?p=15096"},"modified":"2022-04-20T09:39:02","modified_gmt":"2022-04-20T12:39:02","slug":"dolor-en-saenz-pena-murio-justina-la-bebe-que-movilizo-a-la-ciudad","status":"publish","type":"post","link":"https:\/\/chacosintesis.com.ar\/index.php\/dolor-en-saenz-pena-murio-justina-la-bebe-que-movilizo-a-la-ciudad\/","title":{"rendered":"Dolor en S\u00e1enz Pe\u00f1a: muri\u00f3 Justina, la beb\u00e9 que moviliz\u00f3 a la ciudad"},"content":{"rendered":"<p>Justina ten\u00eda 8 meses y estaba realizando un tratamiento para mejorar su calidad de vida. Por ello su familia hab\u00eda puesto a la venta un bono solidario de contribuci\u00f3n. Lamentablemente, en la madrugada de este mi\u00e9rcoles se conoci\u00f3 la noticia de su fallecimiento.<br \/>\n La beb\u00e9 de 8 meses padec\u00eda cardiopat\u00eda cong\u00e9nita y fue operada semanas atr\u00e1s en la provincia de Corrientes.<\/p>\n<p>Su mam\u00e1, Melina Alfonso hab\u00eda expresado que a la peque\u00f1a debieron &#8220;reconstruirle todo su coraz\u00f3n\u201d y que para costear los gastos del tratamiento m\u00e9dico hab\u00edan lanzado a la venta bonos solidarios, por lo que  toda la ciudad Termal se encontraba colaborando.<br \/>\n Lamentablemente, pasada la medianoche de este mi\u00e9rcoles se conoci\u00f3 la triste noticia del fallecimiento de la beba Justina.<\/p>\n<p>La informaci\u00f3n fue publicada por familiares y amigos en las redes sociales.<br \/>\n &#8220;Me voy a dormir con el coraz\u00f3n en mil pedazos. Como pueden cambiar en segundos las cosas. Hoy alguien me dec\u00eda que quer\u00eda quitarse la vida, que estaba cansad@;y luego esto, esto que me destrozo el alma,ver a mis amigas destruidas gritando,pidiendo que alguien le explique porque?&#8221; escribi\u00f3 una persona allegada a la familia en las redes sociales. &#8220;No hay palabras para semejante dolor&#8230;no hay consuelo para Meli y Mono&#8221;. &#8220;Bebe mi negrita hermosa te fuiste donde todo es mejor,donde no hay dolor,ser\u00e1s el \u00e1ngel que guardar\u00e1 por tus papas, tus t\u00edas y t\u00edo por tus abuelos,tu hermanito tus primitos y para todos los que te queremos. Descansa en paz bebe ,mi negrita hermosa&#8221;#justinaangelito<\/p>\n<p>DIARIO 21.-<\/p>\n","protected":false},"excerpt":{"rendered":"<p>Justina ten\u00eda 8 meses y estaba realizando un tratamiento para mejorar su calidad de vida. Por ello su familia hab\u00eda puesto a la venta un bono solidario de contribuci\u00f3n. Lamentablemente, en la madrugada de este mi\u00e9rcoles se conoci\u00f3 la noticia de su fallecimiento. La beb\u00e9 de 8 meses padec\u00eda cardiopat\u00eda cong\u00e9nita y fue operada semanas [&hellip;]<\/p>\n","protected":false},"author":1,"featured_media":15097,"comment_status":"closed","ping_status":"closed","sticky":false,"template":"","format":"standard","meta":{"footnotes":""},"categories":[6],"tags":[],"class_list":{"0":"post-15096","1":"post","2":"type-post","3":"status-publish","4":"format-standard","5":"has-post-thumbnail","7":"category-chaco"},"_links":{"self":[{"href":"https:\/\/chacosintesis.com.ar\/index.php\/wp-json\/wp\/v2\/posts\/15096","targetHints":{"allow":["GET"]}}],"collection":[{"href":"https:\/\/chacosintesis.com.ar\/index.php\/wp-json\/wp\/v2\/posts"}],"about":[{"href":"https:\/\/chacosintesis.com.ar\/index.php\/wp-json\/wp\/v2\/types\/post"}],"author":[{"embeddable":true,"href":"https:\/\/chacosintesis.com.ar\/index.php\/wp-json\/wp\/v2\/users\/1"}],"replies":[{"embeddable":true,"href":"https:\/\/chacosintesis.com.ar\/index.php\/wp-json\/wp\/v2\/comments?post=15096"}],"version-history":[{"count":0,"href":"https:\/\/chacosintesis.com.ar\/index.php\/wp-json\/wp\/v2\/posts\/15096\/revisions"}],"wp:featuredmedia":[{"embeddable":true,"href":"https:\/\/chacosintesis.com.ar\/index.php\/wp-json\/wp\/v2\/media\/15097"}],"wp:attachment":[{"href":"https:\/\/chacosintesis.com.ar\/index.php\/wp-json\/wp\/v2\/media?parent=15096"}],"wp:term":[{"taxonomy":"category","embeddable":true,"href":"https:\/\/chacosintesis.com.ar\/index.php\/wp-json\/wp\/v2\/categories?post=15096"},{"taxonomy":"post_tag","embeddable":true,"href":"https:\/\/chacosintesis.com.ar\/index.php\/wp-json\/wp\/v2\/tags?post=15096"}],"curies":[{"name":"wp","href":"https:\/\/api.w.org\/{rel}","templated":true}]}}