{"id":15088,"date":"2022-04-19T13:14:54","date_gmt":"2022-04-19T16:14:54","guid":{"rendered":"https:\/\/chacosintesis.com.ar\/?p=15088"},"modified":"2022-04-19T13:37:01","modified_gmt":"2022-04-19T16:37:01","slug":"jornada-extendida-el-ministro-lineras-aseguro-que-se-dio-el-puntapie-inicial-hacia-la-aplicacion-en-chaco","status":"publish","type":"post","link":"https:\/\/chacosintesis.com.ar\/index.php\/jornada-extendida-el-ministro-lineras-aseguro-que-se-dio-el-puntapie-inicial-hacia-la-aplicacion-en-chaco\/","title":{"rendered":"Jornada extendida: el ministro Lineras asegur\u00f3 que se dio &#8220;el puntapi\u00e9 inicial&#8221; hacia la aplicaci\u00f3n en Chaco"},"content":{"rendered":"<p>El funcionario se reuni\u00f3 con los gremios docentes y resalt\u00f3 que hubo un consenso en que la medida &#8220;es positiva&#8221;. Seg\u00fan indic\u00f3, el sector solicit\u00f3 que la implementaci\u00f3n sea &#8220;responsable y sostenida, y con el marco legal adecuado&#8221;.<br \/>\n El ministro de Educaci\u00f3n del Chaco, Aldo Lineras, se reuni\u00f3 ayer lunes 18 con los gremios docentes de la provincia con el fin de comenzar a analizar y discutir la propuesta del Ministerio de Educaci\u00f3n de la Naci\u00f3n de extender la jornada de clase en las escuelas de Nivel Primario.<\/p>\n<p>En di\u00e1logo con N9 Federal en el marco de la reuni\u00f3n plenaria del Consejo Econ\u00f3mico y Social que se realiz\u00f3 este martes en la ciudad de Resistencia, el ministro resalt\u00f3 que el encuentro con los referentes gremiales fue \u201cel puntapi\u00e9 inicial\u201d para comenzar el proceso de aplicaci\u00f3n de la jornada extendida en Chaco.<\/p>\n<p>La iniciativa, propuesta por el titular de la cartera educativa nacional, Jaime Perczyk, y presentada en el Consejo Federal de Educaci\u00f3n, pretende agregar cinco horas de clases en el Nivel Primario.<\/p>\n<p>Respecto a la reuni\u00f3n con los gremios, Lineras resalt\u00f3 que \u201cfue muy productiva, pudimos comentar cu\u00e1les son las ideas y proyectos que tenemos al respecto, y escuchar a los gremios\u201d. En esta misma l\u00ednea, coment\u00f3 que hubo un acuerdo entre ambas partes en que la jornada extendida \u201ces una medida positiva\u201d. No obstante, mencion\u00f3 que \u201cen algunos casos con mayor \u00e9nfasis y en otros casos con matices\u201d.<\/p>\n<p>Desde los gremios, explic\u00f3, se le solicit\u00f3 al Ministerio de Educaci\u00f3n que \u201cel proceso se haga de manera responsable y sostenida, y con el marco legal adecuado\u201d. \u201cEn eso coincidimos totalmente\u201d, asegur\u00f3.<\/p>\n<p>Asimismo, el ministro adelant\u00f3 que tras reunirse con los gremios tambi\u00e9n convocar\u00e1 a padres, a consejos escolares y a docentes a trav\u00e9s de las distintas direcciones regionales.<\/p>\n<p>Consultado sobre una fecha estimativa en que podr\u00eda implementarse la jornada extendida en Chaco, el funcionario resalt\u00f3 que no cuentan con un tiempo determinado, sino que \u201chay que trabajarlo, porque seguramente alguna decisi\u00f3n se pueda concretar\u201d. En este sentido, sostuvo que en zonas rurales \u201cquiz\u00e1s no se necesite esperar hasta el a\u00f1o que viene\u201d, pero en el sistema educativo completo de la provincia el trabajo para aplicar la medida ser\u00eda m\u00e1s extenso.<\/p>\n<p>Por otra parte, el funcionario provincial se refiri\u00f3 a las cuestiones financieras, detallando que la implementaci\u00f3n de la jornada extendida \u201cdemanda una inversi\u00f3n presupuestaria muy grande, que como Provincia no podemos hacer, sino que tenemos que recibir los fondos del Estado\u201d. Al respecto, aclar\u00f3 que el ministro Jaime Perczyk cuenta con un fondo disponible de $118 millones \u201cque considera va a garantizar este desarrollo\u201d, siendo que podr\u00eda financiar a las provincias que quieran iniciar el proceso.<\/p>\n<p>\u201cEn nuestro caso, manifestamos el apoyo y la creencia de que va a mejorar la calidad educativa y tambi\u00e9n de que vamos a trabajar en la provincia con un sistema de consensos y de producci\u00f3n de acuerdos que sean a largo plazo\u201d, afirm\u00f3 Lineras.<\/p>\n<p> Diario21.tv<\/p>\n","protected":false},"excerpt":{"rendered":"<p>El funcionario se reuni\u00f3 con los gremios docentes y resalt\u00f3 que hubo un consenso en que la medida &#8220;es positiva&#8221;. Seg\u00fan indic\u00f3, el sector solicit\u00f3 que la implementaci\u00f3n sea &#8220;responsable y sostenida, y con el marco legal adecuado&#8221;. El ministro de Educaci\u00f3n del Chaco, Aldo Lineras, se reuni\u00f3 ayer lunes 18 con los gremios docentes [&hellip;]<\/p>\n","protected":false},"author":1,"featured_media":15089,"comment_status":"closed","ping_status":"closed","sticky":false,"template":"","format":"standard","meta":{"footnotes":""},"categories":[6],"tags":[],"class_list":{"0":"post-15088","1":"post","2":"type-post","3":"status-publish","4":"format-standard","5":"has-post-thumbnail","7":"category-chaco"},"_links":{"self":[{"href":"https:\/\/chacosintesis.com.ar\/index.php\/wp-json\/wp\/v2\/posts\/15088","targetHints":{"allow":["GET"]}}],"collection":[{"href":"https:\/\/chacosintesis.com.ar\/index.php\/wp-json\/wp\/v2\/posts"}],"about":[{"href":"https:\/\/chacosintesis.com.ar\/index.php\/wp-json\/wp\/v2\/types\/post"}],"author":[{"embeddable":true,"href":"https:\/\/chacosintesis.com.ar\/index.php\/wp-json\/wp\/v2\/users\/1"}],"replies":[{"embeddable":true,"href":"https:\/\/chacosintesis.com.ar\/index.php\/wp-json\/wp\/v2\/comments?post=15088"}],"version-history":[{"count":0,"href":"https:\/\/chacosintesis.com.ar\/index.php\/wp-json\/wp\/v2\/posts\/15088\/revisions"}],"wp:featuredmedia":[{"embeddable":true,"href":"https:\/\/chacosintesis.com.ar\/index.php\/wp-json\/wp\/v2\/media\/15089"}],"wp:attachment":[{"href":"https:\/\/chacosintesis.com.ar\/index.php\/wp-json\/wp\/v2\/media?parent=15088"}],"wp:term":[{"taxonomy":"category","embeddable":true,"href":"https:\/\/chacosintesis.com.ar\/index.php\/wp-json\/wp\/v2\/categories?post=15088"},{"taxonomy":"post_tag","embeddable":true,"href":"https:\/\/chacosintesis.com.ar\/index.php\/wp-json\/wp\/v2\/tags?post=15088"}],"curies":[{"name":"wp","href":"https:\/\/api.w.org\/{rel}","templated":true}]}}